{"id":42016,"date":"2017-09-26T09:31:21","date_gmt":"2017-09-26T07:31:21","guid":{"rendered":"https:\/\/gandariaspain.com\/uncategorized-fr\/jesus-alvarez-appointed-silos-cordobas-sales-director-asia\/"},"modified":"2017-09-27T16:48:24","modified_gmt":"2017-09-27T14:48:24","slug":"jesus-alvarez-nomme-nouveau-directeur-commercial-asie-de-silos-cordoba","status":"publish","type":"post","link":"https:\/\/gandariaspain.com\/fr\/blog-fr\/societe\/jesus-alvarez-nomme-nouveau-directeur-commercial-asie-de-silos-cordoba\/","title":{"rendered":"Jes\u00fas \u00c1lvarez nomm\u00e9 nouveau Directeur Commercial Asie de Gandaria Spain"},"content":{"rendered":"<p>Jes\u00fas \u00c1lvarez travaille depuis mai dernier sur le march\u00e9 asiatique en tant que Directeur du r\u00e9seau commercial que Gandaria a tiss\u00e9 sur ce continent au cours des derni\u00e8res ann\u00e9es, devenant ainsi le march\u00e9 rapportant le plus haut chiffre d&rsquo;affaires \u00e0 l&rsquo;entreprise.<\/p>\n<p>Ce poste n&rsquo;est pas nouveau pour J\u00e9sus, qui, au cours des 4 derni\u00e8res ann\u00e9es, a d\u00e9velopp\u00e9 des fonctions similaires dans la plupart des pays d&rsquo;Europe occidentale, ce qui lui a permis d&rsquo;acqu\u00e9rir l&rsquo;exp\u00e9rience et les connaissances techniques n\u00e9cessaires pour faire face \u00e0 ce nouveau d\u00e9fi sur l\u2019\u00e9norme march\u00e9 asiatique.<\/p>\n<p>Il a obtenu son dipl\u00f4me universitaire en g\u00e9nie industriel au sein de la prestigieuse \u00c9cole d\u2019ing\u00e9nieurs de S\u00e9ville, sp\u00e9cialis\u00e9e dans la branche \u00c9nergie. Au cours des derni\u00e8res ann\u00e9es, il a compl\u00e9t\u00e9 cette formation par des cours de Lean Manufacturing et Commerce International.<\/p>\n<span class=\"et_bloom_bottom_trigger\"><\/span>","protected":false},"excerpt":{"rendered":"<p>Jes\u00fas \u00c1lvarez travaille depuis mai dernier sur le march\u00e9 asiatique [&hellip;]<\/p>\n","protected":false},"author":2,"featured_media":41804,"comment_status":"closed","ping_status":"open","sticky":false,"template":"","format":"standard","meta":{"_et_pb_use_builder":"","_et_pb_old_content":"","_et_gb_content_width":"","_mbp_gutenberg_autopost":false,"footnotes":""},"categories":[68],"tags":[],"class_list":["post-42016","post","type-post","status-publish","format-standard","has-post-thumbnail","hentry","category-societe"],"yoast_head":"<!-- This site is optimized with the Yoast SEO plugin v27.5 - https:\/\/yoast.com\/product\/yoast-seo-wordpress\/ -->\n<title>Jes\u00fas \u00c1lvarez nomm\u00e9 nouveau Directeur Commercial Asie de Gandaria Spain - Gandaria - Silos Spain<\/title>\n<meta name=\"robots\" content=\"index, follow, max-snippet:-1, max-image-preview:large, max-video-preview:-1\" \/>\n<link rel=\"canonical\" href=\"https:\/\/gandariaspain.com\/fr\/blog-fr\/societe\/jesus-alvarez-nomme-nouveau-directeur-commercial-asie-de-silos-cordoba\/\" \/>\n<meta property=\"og:locale\" content=\"fr_FR\" \/>\n<meta property=\"og:type\" content=\"article\" \/>\n<meta property=\"og:title\" content=\"Jes\u00fas \u00c1lvarez nomm\u00e9 nouveau Directeur Commercial Asie de Gandaria Spain - Gandaria - Silos Spain\" \/>\n<meta property=\"og:description\" content=\"Jes\u00fas \u00c1lvarez travaille depuis mai dernier sur le march\u00e9 asiatique [&hellip;]\" \/>\n<meta property=\"og:url\" content=\"https:\/\/gandariaspain.com\/fr\/blog-fr\/societe\/jesus-alvarez-nomme-nouveau-directeur-commercial-asie-de-silos-cordoba\/\" \/>\n<meta property=\"og:site_name\" content=\"Gandaria - Silos Spain\" \/>\n<meta property=\"article:published_time\" content=\"2017-09-26T07:31:21+00:00\" \/>\n<meta property=\"article:modified_time\" content=\"2017-09-27T14:48:24+00:00\" \/>\n<meta property=\"og:image\" content=\"https:\/\/gandariaspain.com\/wp-content\/uploads\/2017\/09\/Jesus.jpg\" \/>\n\t<meta property=\"og:image:width\" content=\"800\" \/>\n\t<meta property=\"og:image:height\" content=\"600\" \/>\n\t<meta property=\"og:image:type\" content=\"image\/jpeg\" \/>\n<meta name=\"author\" content=\"Silos Spain Gandaria\" \/>\n<meta name=\"twitter:card\" content=\"summary_large_image\" \/>\n<meta name=\"twitter:label1\" content=\"\u00c9crit par\" \/>\n\t<meta name=\"twitter:data1\" content=\"Silos Spain Gandaria\" \/>\n\t<meta name=\"twitter:label2\" content=\"Dur\u00e9e de lecture estim\u00e9e\" \/>\n\t<meta name=\"twitter:data2\" content=\"1 minute\" \/>\n<script type=\"application\/ld+json\" class=\"yoast-schema-graph\">{\"@context\":\"https:\\\/\\\/schema.org\",\"@graph\":[{\"@type\":\"Article\",\"@id\":\"https:\\\/\\\/gandariaspain.com\\\/fr\\\/blog-fr\\\/societe\\\/jesus-alvarez-nomme-nouveau-directeur-commercial-asie-de-silos-cordoba\\\/#article\",\"isPartOf\":{\"@id\":\"https:\\\/\\\/gandariaspain.com\\\/fr\\\/blog-fr\\\/societe\\\/jesus-alvarez-nomme-nouveau-directeur-commercial-asie-de-silos-cordoba\\\/\"},\"author\":{\"name\":\"Silos Spain Gandaria\",\"@id\":\"https:\\\/\\\/gandariaspain.com\\\/fr\\\/#\\\/schema\\\/person\\\/d7de0ee9324bc410a6df14842dd5f518\"},\"headline\":\"Jes\u00fas \u00c1lvarez nomm\u00e9 nouveau Directeur Commercial Asie de Gandaria Spain\",\"datePublished\":\"2017-09-26T07:31:21+00:00\",\"dateModified\":\"2017-09-27T14:48:24+00:00\",\"mainEntityOfPage\":{\"@id\":\"https:\\\/\\\/gandariaspain.com\\\/fr\\\/blog-fr\\\/societe\\\/jesus-alvarez-nomme-nouveau-directeur-commercial-asie-de-silos-cordoba\\\/\"},\"wordCount\":169,\"image\":{\"@id\":\"https:\\\/\\\/gandariaspain.com\\\/fr\\\/blog-fr\\\/societe\\\/jesus-alvarez-nomme-nouveau-directeur-commercial-asie-de-silos-cordoba\\\/#primaryimage\"},\"thumbnailUrl\":\"https:\\\/\\\/gandariaspain.com\\\/wp-content\\\/uploads\\\/2017\\\/09\\\/Jesus.jpg\",\"articleSection\":[\"Soci\u00e9t\u00e9\"],\"inLanguage\":\"fr-FR\"},{\"@type\":\"WebPage\",\"@id\":\"https:\\\/\\\/gandariaspain.com\\\/fr\\\/blog-fr\\\/societe\\\/jesus-alvarez-nomme-nouveau-directeur-commercial-asie-de-silos-cordoba\\\/\",\"url\":\"https:\\\/\\\/gandariaspain.com\\\/fr\\\/blog-fr\\\/societe\\\/jesus-alvarez-nomme-nouveau-directeur-commercial-asie-de-silos-cordoba\\\/\",\"name\":\"Jes\u00fas \u00c1lvarez nomm\u00e9 nouveau Directeur Commercial Asie de Gandaria Spain - Gandaria - Silos Spain\",\"isPartOf\":{\"@id\":\"https:\\\/\\\/gandariaspain.com\\\/fr\\\/#website\"},\"primaryImageOfPage\":{\"@id\":\"https:\\\/\\\/gandariaspain.com\\\/fr\\\/blog-fr\\\/societe\\\/jesus-alvarez-nomme-nouveau-directeur-commercial-asie-de-silos-cordoba\\\/#primaryimage\"},\"image\":{\"@id\":\"https:\\\/\\\/gandariaspain.com\\\/fr\\\/blog-fr\\\/societe\\\/jesus-alvarez-nomme-nouveau-directeur-commercial-asie-de-silos-cordoba\\\/#primaryimage\"},\"thumbnailUrl\":\"https:\\\/\\\/gandariaspain.com\\\/wp-content\\\/uploads\\\/2017\\\/09\\\/Jesus.jpg\",\"datePublished\":\"2017-09-26T07:31:21+00:00\",\"dateModified\":\"2017-09-27T14:48:24+00:00\",\"author\":{\"@id\":\"https:\\\/\\\/gandariaspain.com\\\/fr\\\/#\\\/schema\\\/person\\\/d7de0ee9324bc410a6df14842dd5f518\"},\"inLanguage\":\"fr-FR\",\"potentialAction\":[{\"@type\":\"ReadAction\",\"target\":[\"https:\\\/\\\/gandariaspain.com\\\/fr\\\/blog-fr\\\/societe\\\/jesus-alvarez-nomme-nouveau-directeur-commercial-asie-de-silos-cordoba\\\/\"]}]},{\"@type\":\"ImageObject\",\"inLanguage\":\"fr-FR\",\"@id\":\"https:\\\/\\\/gandariaspain.com\\\/fr\\\/blog-fr\\\/societe\\\/jesus-alvarez-nomme-nouveau-directeur-commercial-asie-de-silos-cordoba\\\/#primaryimage\",\"url\":\"https:\\\/\\\/gandariaspain.com\\\/wp-content\\\/uploads\\\/2017\\\/09\\\/Jesus.jpg\",\"contentUrl\":\"https:\\\/\\\/gandariaspain.com\\\/wp-content\\\/uploads\\\/2017\\\/09\\\/Jesus.jpg\",\"width\":800,\"height\":600},{\"@type\":\"WebSite\",\"@id\":\"https:\\\/\\\/gandariaspain.com\\\/fr\\\/#website\",\"url\":\"https:\\\/\\\/gandariaspain.com\\\/fr\\\/\",\"name\":\"Gandaria - Silos Spain\",\"description\":\"Just another WordPress site\",\"potentialAction\":[{\"@type\":\"SearchAction\",\"target\":{\"@type\":\"EntryPoint\",\"urlTemplate\":\"https:\\\/\\\/gandariaspain.com\\\/fr\\\/?s={search_term_string}\"},\"query-input\":{\"@type\":\"PropertyValueSpecification\",\"valueRequired\":true,\"valueName\":\"search_term_string\"}}],\"inLanguage\":\"fr-FR\"},{\"@type\":\"Person\",\"@id\":\"https:\\\/\\\/gandariaspain.com\\\/fr\\\/#\\\/schema\\\/person\\\/d7de0ee9324bc410a6df14842dd5f518\",\"name\":\"Silos Spain Gandaria\",\"image\":{\"@type\":\"ImageObject\",\"inLanguage\":\"fr-FR\",\"@id\":\"https:\\\/\\\/secure.gravatar.com\\\/avatar\\\/53b3b6d8d6e1be4cd9b580d2e196df5ea53361d2c1d336583ac151d84e053c23?s=96&d=mm&r=g\",\"url\":\"https:\\\/\\\/secure.gravatar.com\\\/avatar\\\/53b3b6d8d6e1be4cd9b580d2e196df5ea53361d2c1d336583ac151d84e053c23?s=96&d=mm&r=g\",\"contentUrl\":\"https:\\\/\\\/secure.gravatar.com\\\/avatar\\\/53b3b6d8d6e1be4cd9b580d2e196df5ea53361d2c1d336583ac151d84e053c23?s=96&d=mm&r=g\",\"caption\":\"Silos Spain Gandaria\"},\"url\":\"https:\\\/\\\/gandariaspain.com\\\/fr\\\/author\\\/admin\\\/\"}]}<\/script>\n<!-- \/ Yoast SEO plugin. -->","yoast_head_json":{"title":"Jes\u00fas \u00c1lvarez nomm\u00e9 nouveau Directeur Commercial Asie de Gandaria Spain - Gandaria - Silos Spain","robots":{"index":"index","follow":"follow","max-snippet":"max-snippet:-1","max-image-preview":"max-image-preview:large","max-video-preview":"max-video-preview:-1"},"canonical":"https:\/\/gandariaspain.com\/fr\/blog-fr\/societe\/jesus-alvarez-nomme-nouveau-directeur-commercial-asie-de-silos-cordoba\/","og_locale":"fr_FR","og_type":"article","og_title":"Jes\u00fas \u00c1lvarez nomm\u00e9 nouveau Directeur Commercial Asie de Gandaria Spain - Gandaria - Silos Spain","og_description":"Jes\u00fas \u00c1lvarez travaille depuis mai dernier sur le march\u00e9 asiatique [&hellip;]","og_url":"https:\/\/gandariaspain.com\/fr\/blog-fr\/societe\/jesus-alvarez-nomme-nouveau-directeur-commercial-asie-de-silos-cordoba\/","og_site_name":"Gandaria - Silos Spain","article_published_time":"2017-09-26T07:31:21+00:00","article_modified_time":"2017-09-27T14:48:24+00:00","og_image":[{"width":800,"height":600,"url":"https:\/\/gandariaspain.com\/wp-content\/uploads\/2017\/09\/Jesus.jpg","type":"image\/jpeg"}],"author":"Silos Spain Gandaria","twitter_card":"summary_large_image","twitter_misc":{"\u00c9crit par":"Silos Spain Gandaria","Dur\u00e9e de lecture estim\u00e9e":"1 minute"},"schema":{"@context":"https:\/\/schema.org","@graph":[{"@type":"Article","@id":"https:\/\/gandariaspain.com\/fr\/blog-fr\/societe\/jesus-alvarez-nomme-nouveau-directeur-commercial-asie-de-silos-cordoba\/#article","isPartOf":{"@id":"https:\/\/gandariaspain.com\/fr\/blog-fr\/societe\/jesus-alvarez-nomme-nouveau-directeur-commercial-asie-de-silos-cordoba\/"},"author":{"name":"Silos Spain Gandaria","@id":"https:\/\/gandariaspain.com\/fr\/#\/schema\/person\/d7de0ee9324bc410a6df14842dd5f518"},"headline":"Jes\u00fas \u00c1lvarez nomm\u00e9 nouveau Directeur Commercial Asie de Gandaria Spain","datePublished":"2017-09-26T07:31:21+00:00","dateModified":"2017-09-27T14:48:24+00:00","mainEntityOfPage":{"@id":"https:\/\/gandariaspain.com\/fr\/blog-fr\/societe\/jesus-alvarez-nomme-nouveau-directeur-commercial-asie-de-silos-cordoba\/"},"wordCount":169,"image":{"@id":"https:\/\/gandariaspain.com\/fr\/blog-fr\/societe\/jesus-alvarez-nomme-nouveau-directeur-commercial-asie-de-silos-cordoba\/#primaryimage"},"thumbnailUrl":"https:\/\/gandariaspain.com\/wp-content\/uploads\/2017\/09\/Jesus.jpg","articleSection":["Soci\u00e9t\u00e9"],"inLanguage":"fr-FR"},{"@type":"WebPage","@id":"https:\/\/gandariaspain.com\/fr\/blog-fr\/societe\/jesus-alvarez-nomme-nouveau-directeur-commercial-asie-de-silos-cordoba\/","url":"https:\/\/gandariaspain.com\/fr\/blog-fr\/societe\/jesus-alvarez-nomme-nouveau-directeur-commercial-asie-de-silos-cordoba\/","name":"Jes\u00fas \u00c1lvarez nomm\u00e9 nouveau Directeur Commercial Asie de Gandaria Spain - Gandaria - Silos Spain","isPartOf":{"@id":"https:\/\/gandariaspain.com\/fr\/#website"},"primaryImageOfPage":{"@id":"https:\/\/gandariaspain.com\/fr\/blog-fr\/societe\/jesus-alvarez-nomme-nouveau-directeur-commercial-asie-de-silos-cordoba\/#primaryimage"},"image":{"@id":"https:\/\/gandariaspain.com\/fr\/blog-fr\/societe\/jesus-alvarez-nomme-nouveau-directeur-commercial-asie-de-silos-cordoba\/#primaryimage"},"thumbnailUrl":"https:\/\/gandariaspain.com\/wp-content\/uploads\/2017\/09\/Jesus.jpg","datePublished":"2017-09-26T07:31:21+00:00","dateModified":"2017-09-27T14:48:24+00:00","author":{"@id":"https:\/\/gandariaspain.com\/fr\/#\/schema\/person\/d7de0ee9324bc410a6df14842dd5f518"},"inLanguage":"fr-FR","potentialAction":[{"@type":"ReadAction","target":["https:\/\/gandariaspain.com\/fr\/blog-fr\/societe\/jesus-alvarez-nomme-nouveau-directeur-commercial-asie-de-silos-cordoba\/"]}]},{"@type":"ImageObject","inLanguage":"fr-FR","@id":"https:\/\/gandariaspain.com\/fr\/blog-fr\/societe\/jesus-alvarez-nomme-nouveau-directeur-commercial-asie-de-silos-cordoba\/#primaryimage","url":"https:\/\/gandariaspain.com\/wp-content\/uploads\/2017\/09\/Jesus.jpg","contentUrl":"https:\/\/gandariaspain.com\/wp-content\/uploads\/2017\/09\/Jesus.jpg","width":800,"height":600},{"@type":"WebSite","@id":"https:\/\/gandariaspain.com\/fr\/#website","url":"https:\/\/gandariaspain.com\/fr\/","name":"Gandaria - Silos Spain","description":"Just another WordPress site","potentialAction":[{"@type":"SearchAction","target":{"@type":"EntryPoint","urlTemplate":"https:\/\/gandariaspain.com\/fr\/?s={search_term_string}"},"query-input":{"@type":"PropertyValueSpecification","valueRequired":true,"valueName":"search_term_string"}}],"inLanguage":"fr-FR"},{"@type":"Person","@id":"https:\/\/gandariaspain.com\/fr\/#\/schema\/person\/d7de0ee9324bc410a6df14842dd5f518","name":"Silos Spain Gandaria","image":{"@type":"ImageObject","inLanguage":"fr-FR","@id":"https:\/\/secure.gravatar.com\/avatar\/53b3b6d8d6e1be4cd9b580d2e196df5ea53361d2c1d336583ac151d84e053c23?s=96&d=mm&r=g","url":"https:\/\/secure.gravatar.com\/avatar\/53b3b6d8d6e1be4cd9b580d2e196df5ea53361d2c1d336583ac151d84e053c23?s=96&d=mm&r=g","contentUrl":"https:\/\/secure.gravatar.com\/avatar\/53b3b6d8d6e1be4cd9b580d2e196df5ea53361d2c1d336583ac151d84e053c23?s=96&d=mm&r=g","caption":"Silos Spain Gandaria"},"url":"https:\/\/gandariaspain.com\/fr\/author\/admin\/"}]}},"_links":{"self":[{"href":"https:\/\/gandariaspain.com\/fr\/wp-json\/wp\/v2\/posts\/42016","targetHints":{"allow":["GET"]}}],"collection":[{"href":"https:\/\/gandariaspain.com\/fr\/wp-json\/wp\/v2\/posts"}],"about":[{"href":"https:\/\/gandariaspain.com\/fr\/wp-json\/wp\/v2\/types\/post"}],"author":[{"embeddable":true,"href":"https:\/\/gandariaspain.com\/fr\/wp-json\/wp\/v2\/users\/2"}],"replies":[{"embeddable":true,"href":"https:\/\/gandariaspain.com\/fr\/wp-json\/wp\/v2\/comments?post=42016"}],"version-history":[{"count":2,"href":"https:\/\/gandariaspain.com\/fr\/wp-json\/wp\/v2\/posts\/42016\/revisions"}],"predecessor-version":[{"id":42018,"href":"https:\/\/gandariaspain.com\/fr\/wp-json\/wp\/v2\/posts\/42016\/revisions\/42018"}],"wp:featuredmedia":[{"embeddable":true,"href":"https:\/\/gandariaspain.com\/fr\/wp-json\/wp\/v2\/media\/41804"}],"wp:attachment":[{"href":"https:\/\/gandariaspain.com\/fr\/wp-json\/wp\/v2\/media?parent=42016"}],"wp:term":[{"taxonomy":"category","embeddable":true,"href":"https:\/\/gandariaspain.com\/fr\/wp-json\/wp\/v2\/categories?post=42016"},{"taxonomy":"post_tag","embeddable":true,"href":"https:\/\/gandariaspain.com\/fr\/wp-json\/wp\/v2\/tags?post=42016"}],"curies":[{"name":"wp","href":"https:\/\/api.w.org\/{rel}","templated":true}]}}