{"id":42086,"date":"2013-05-13T13:47:56","date_gmt":"2013-05-13T11:47:56","guid":{"rendered":"https:\/\/gandariaspain.com\/sin-categorizar\/group-silos-cordoba-chooses-rabanales-21-install-rdi-department\/"},"modified":"2020-06-26T17:09:41","modified_gmt":"2020-06-26T15:09:41","slug":"el-grupo-silos-cordoba-elige-rabanales-21-para-instalar-su-departamento-de-idi","status":"publish","type":"post","link":"https:\/\/gandariaspain.com\/es\/sala-de-prensa\/el-grupo-silos-cordoba-elige-rabanales-21-para-instalar-su-departamento-de-idi\/","title":{"rendered":"El Grupo Gandaria elige Rabanales 21 para instalar su departamento de I+D+i"},"content":{"rendered":"<p>El Grupo Gandaria ha elegido el Parque Cient\u00edfico Tecnol\u00f3gico de c\u00f3rdoba, Rabanales 21, para instalar su departamento de I+d+i. La presentaci\u00f3n de la nueva oficina, ubicada en el edificio Aldebar\u00e1n de la tecnol\u00f3polis cordobesa ha tenido lugar esta ma\u00f1ana.<\/p>\n<p>Al acto de presentaci\u00f3n ha acudido el delegado de Econom\u00eda, Innovaci\u00f3n, Ciencia y Empleo, Jos\u00e9 Ignacio Exp\u00f3sito, el director general de Rabanales 21, Juan Ram\u00f3n Cuadros, el gerente de la Agencia Idea en C\u00f3rdoba, Manuel P\u00e9rez Requena y el director general del Grupo Silos, Juan L\u00f3pez Regal\u00f3n.<\/p>\n<p>Juan Ram\u00f3n Cuadros ha valorado positivamente la decisi\u00f3n del grupo empresarial cordob\u00e9s de ubicarse en el espacio de referencia de la innovaci\u00f3n en la provincia y ha alabado su apuesta estrat\u00e9gica por la innovaci\u00f3n como herramienta esencial para seguir creciendo.<\/p>\n<p>El delegado ha hecho hincapi\u00e9 en que la puesta en marcha de este nuevo espacio es un ejemplo de lo que debe ser una apuesta empresarial por la innovaci\u00f3n, el desarrollo y la investigaci\u00f3n para seguir creciendo, \u201cGandaria lo tiene claro y lleva tiempo trabajando en esa l\u00ednea que le ha ayudado a seguir avanzando en su desarrollo econ\u00f3mico y expandi\u00e9ndose, dando ahora un paso m\u00e1s con el traslado y la diferenciaci\u00f3n de su departamento de I+D+i a este Parque Cient\u00edfico Tecnol\u00f3gico para aprovechar las sinergias que desde aqu\u00ed pudieran surgir\u201d.<\/p>\n<p>Por su parte, el director general del Grupo Silos, Juan L\u00f3pez, ha explicado que esta firma desde sus comienzos ha apostado por la Investigaci\u00f3n y el Desarrollo de sus productos y \u201ceste nuevo departamento solo significa un traslado que servir\u00e1 para reforzar a\u00fan m\u00e1s nuestra estrategia de apuesta por la I+D+i, persiguiendo siempre la excelencia en todos los \u00e1mbitos y trabajando en la diferenciaci\u00f3n que nos ayudar\u00e1 a sortear las amenazas futuras que puedan surgir\u201d.<\/p>\n<p>Desde la Junta de Andaluc\u00eda, a trav\u00e9s de la Agencia Idea, se colabora activamente con este grupo para ayudarles y facilitarles el camino y su desarrollo. Hasta la fecha se ha incentivado a esta empresa 11 proyectos con una inversi\u00f3n de m\u00e1s de 800.000 euros. Entre las principales acciones subvencionadas han estado la robotizaci\u00f3n de l\u00edneas, la compra de maquinaria, la fabricaci\u00f3n de nave industrial o la creaci\u00f3n de este nuevo departamento de I+D+i.<\/p>\n<p>As\u00ed mismo, Gandaria ha contado tambi\u00e9n con ayudas a trav\u00e9s de la Agencia Andaluza de Promoci\u00f3n Exterior, Extenda, que le han servido para contar con un proceso de internacionalizaci\u00f3n que supone en la actualidad que la mayor parte de sus ventas se realicen fuera de Espa\u00f1a.<\/p>\n<p>En la actualidad, Gandaria ha vuelto a solicitar la ayuda y colaboraci\u00f3n de Idea para su nuevo proyecto centrado en la construcci\u00f3n de una nueva sede Administrativa-Comercial y \u00c1rea de fabricaci\u00f3n en el Pol\u00edgono Industrial \u201cLa Azucarera\u201d de El Carpio.<\/p>\n<p>Gandaria es una empresa constituida en 1975 que se dedica a la fabricaci\u00f3n de silos para almacenaje de grano a nivel mundial. Adem\u00e1s de ofrecer una amplia gama para almacenaje de grano (silos asentados, elevados, de carga a granel y tipo granja), tambi\u00e9n fabrica una completa oferta de maquinaria de transporte; equipamiento ganadero; estructuras y revestimientos met\u00e1licos. Para ello este grupo se organiza en cuatro unidades de negocio: Gandaria (desarrollo y montaje de instalaciones para uso industrial y agr\u00edcola); MATRA (desarrollo y fabricaci\u00f3n de maquinaria industrial de transporte; Gandaria (fabricaci\u00f3n y comercializaci\u00f3n de productos para todo tipo de instalaciones ganaderas; y Quinta Met\u00e1lica, (suministro e instalaci\u00f3n de todo tipo de revestimientos met\u00e1licos.<\/p>\n<p>Este grupo tiene una importante presencia internacional y cuenta con sucursales en Argentina, Kazajst\u00e1n, Rumania y Turqu\u00eda y una red en expansi\u00f3n de distribuidores locales en 17 pa\u00edses, atendiendo a sus clientes en m\u00e1s de 45 pa\u00edses del mundo.<\/p>\n<p>La empresa es experta en el dise\u00f1o y montaje de silos e instalaciones. Dispone de todos los medios de fabricaci\u00f3n m\u00e1s modernos del sector, lo que le permite actuar con una flexibilidad m\u00e1xima. Controla todas las fases del proceso de desarrollo, fabricaci\u00f3n y montaje, as\u00ed como los materiales que emplea, para asegurar la calidad hasta la entrega.<\/p>\n<p>Ofrece servicios de ingenier\u00eda llave en mano, dirigidos a mantener y controlar la calidad del producto durante el almacenamiento y el transporte, y proporcionar comodidad, seguridad, eficiencia y rentabilidad en la gesti\u00f3n de sus plantas.<\/p>\n<p>Fuente:\u00a0<a href=\"http:\/\/www.rabanales21.com\/index.php?m=22&amp;nid=183\" target=\"_blank\" rel=\"noopener noreferrer\">Rabanales 21<\/a><\/p>\n<p>Ver\u00a0Clipping de Prensa<\/p>\n<span class=\"et_bloom_bottom_trigger\"><\/span>","protected":false},"excerpt":{"rendered":"<p>El Grupo Gandaria ha elegido el Parque Cient\u00edfico Tecnol\u00f3gico de [&hellip;]<\/p>\n","protected":false},"author":2,"featured_media":42084,"comment_status":"closed","ping_status":"open","sticky":false,"template":"","format":"standard","meta":{"_et_pb_use_builder":"","_et_pb_old_content":"","_et_gb_content_width":"","_mbp_gutenberg_autopost":false,"footnotes":""},"categories":[139],"tags":[],"class_list":["post-42086","post","type-post","status-publish","format-standard","has-post-thumbnail","hentry","category-sala-de-prensa"],"yoast_head":"<!-- This site is optimized with the Yoast SEO plugin v27.5 - https:\/\/yoast.com\/product\/yoast-seo-wordpress\/ -->\n<title>El Grupo Gandaria elige Rabanales 21 para instalar su departamento de I+D+i - Gandaria - Silos Spain<\/title>\n<meta name=\"robots\" content=\"index, follow, max-snippet:-1, max-image-preview:large, max-video-preview:-1\" \/>\n<link rel=\"canonical\" href=\"https:\/\/gandariaspain.com\/es\/sala-de-prensa\/el-grupo-silos-cordoba-elige-rabanales-21-para-instalar-su-departamento-de-idi\/\" \/>\n<meta property=\"og:locale\" content=\"es_ES\" \/>\n<meta property=\"og:type\" content=\"article\" \/>\n<meta property=\"og:title\" content=\"El Grupo Gandaria elige Rabanales 21 para instalar su departamento de I+D+i - Gandaria - Silos Spain\" \/>\n<meta property=\"og:description\" content=\"El Grupo Gandaria ha elegido el Parque Cient\u00edfico Tecnol\u00f3gico de [&hellip;]\" \/>\n<meta property=\"og:url\" content=\"https:\/\/gandariaspain.com\/es\/sala-de-prensa\/el-grupo-silos-cordoba-elige-rabanales-21-para-instalar-su-departamento-de-idi\/\" \/>\n<meta property=\"og:site_name\" content=\"Gandaria - Silos Spain\" \/>\n<meta property=\"article:published_time\" content=\"2013-05-13T11:47:56+00:00\" \/>\n<meta property=\"article:modified_time\" content=\"2020-06-26T15:09:41+00:00\" \/>\n<meta property=\"og:image\" content=\"https:\/\/gandariaspain.com\/wp-content\/uploads\/2017\/09\/Presentation-of-Silos-Cordoba-new-department-by-Rabanales21.jpg\" \/>\n\t<meta property=\"og:image:width\" content=\"500\" \/>\n\t<meta property=\"og:image:height\" content=\"300\" \/>\n\t<meta property=\"og:image:type\" content=\"image\/jpeg\" \/>\n<meta name=\"author\" content=\"Silos Spain Gandaria\" \/>\n<meta name=\"twitter:card\" content=\"summary_large_image\" \/>\n<meta name=\"twitter:label1\" content=\"Escrito por\" \/>\n\t<meta name=\"twitter:data1\" content=\"Silos Spain Gandaria\" \/>\n\t<meta name=\"twitter:label2\" content=\"Tiempo de lectura\" \/>\n\t<meta name=\"twitter:data2\" content=\"4 minutos\" \/>\n<script type=\"application\/ld+json\" class=\"yoast-schema-graph\">{\"@context\":\"https:\\\/\\\/schema.org\",\"@graph\":[{\"@type\":\"Article\",\"@id\":\"https:\\\/\\\/gandariaspain.com\\\/es\\\/sala-de-prensa\\\/el-grupo-silos-cordoba-elige-rabanales-21-para-instalar-su-departamento-de-idi\\\/#article\",\"isPartOf\":{\"@id\":\"https:\\\/\\\/gandariaspain.com\\\/es\\\/sala-de-prensa\\\/el-grupo-silos-cordoba-elige-rabanales-21-para-instalar-su-departamento-de-idi\\\/\"},\"author\":{\"name\":\"Silos Spain Gandaria\",\"@id\":\"https:\\\/\\\/gandariaspain.com\\\/es\\\/#\\\/schema\\\/person\\\/d7de0ee9324bc410a6df14842dd5f518\"},\"headline\":\"El Grupo Gandaria elige Rabanales 21 para instalar su departamento de I+D+i\",\"datePublished\":\"2013-05-13T11:47:56+00:00\",\"dateModified\":\"2020-06-26T15:09:41+00:00\",\"mainEntityOfPage\":{\"@id\":\"https:\\\/\\\/gandariaspain.com\\\/es\\\/sala-de-prensa\\\/el-grupo-silos-cordoba-elige-rabanales-21-para-instalar-su-departamento-de-idi\\\/\"},\"wordCount\":792,\"image\":{\"@id\":\"https:\\\/\\\/gandariaspain.com\\\/es\\\/sala-de-prensa\\\/el-grupo-silos-cordoba-elige-rabanales-21-para-instalar-su-departamento-de-idi\\\/#primaryimage\"},\"thumbnailUrl\":\"https:\\\/\\\/gandariaspain.com\\\/wp-content\\\/uploads\\\/2017\\\/09\\\/Presentation-of-Silos-Cordoba-new-department-by-Rabanales21.jpg\",\"articleSection\":[\"Sala de prensa\"],\"inLanguage\":\"es\"},{\"@type\":\"WebPage\",\"@id\":\"https:\\\/\\\/gandariaspain.com\\\/es\\\/sala-de-prensa\\\/el-grupo-silos-cordoba-elige-rabanales-21-para-instalar-su-departamento-de-idi\\\/\",\"url\":\"https:\\\/\\\/gandariaspain.com\\\/es\\\/sala-de-prensa\\\/el-grupo-silos-cordoba-elige-rabanales-21-para-instalar-su-departamento-de-idi\\\/\",\"name\":\"El Grupo Gandaria elige Rabanales 21 para instalar su departamento de I+D+i - Gandaria - Silos Spain\",\"isPartOf\":{\"@id\":\"https:\\\/\\\/gandariaspain.com\\\/es\\\/#website\"},\"primaryImageOfPage\":{\"@id\":\"https:\\\/\\\/gandariaspain.com\\\/es\\\/sala-de-prensa\\\/el-grupo-silos-cordoba-elige-rabanales-21-para-instalar-su-departamento-de-idi\\\/#primaryimage\"},\"image\":{\"@id\":\"https:\\\/\\\/gandariaspain.com\\\/es\\\/sala-de-prensa\\\/el-grupo-silos-cordoba-elige-rabanales-21-para-instalar-su-departamento-de-idi\\\/#primaryimage\"},\"thumbnailUrl\":\"https:\\\/\\\/gandariaspain.com\\\/wp-content\\\/uploads\\\/2017\\\/09\\\/Presentation-of-Silos-Cordoba-new-department-by-Rabanales21.jpg\",\"datePublished\":\"2013-05-13T11:47:56+00:00\",\"dateModified\":\"2020-06-26T15:09:41+00:00\",\"author\":{\"@id\":\"https:\\\/\\\/gandariaspain.com\\\/es\\\/#\\\/schema\\\/person\\\/d7de0ee9324bc410a6df14842dd5f518\"},\"inLanguage\":\"es\",\"potentialAction\":[{\"@type\":\"ReadAction\",\"target\":[\"https:\\\/\\\/gandariaspain.com\\\/es\\\/sala-de-prensa\\\/el-grupo-silos-cordoba-elige-rabanales-21-para-instalar-su-departamento-de-idi\\\/\"]}]},{\"@type\":\"ImageObject\",\"inLanguage\":\"es\",\"@id\":\"https:\\\/\\\/gandariaspain.com\\\/es\\\/sala-de-prensa\\\/el-grupo-silos-cordoba-elige-rabanales-21-para-instalar-su-departamento-de-idi\\\/#primaryimage\",\"url\":\"https:\\\/\\\/gandariaspain.com\\\/wp-content\\\/uploads\\\/2017\\\/09\\\/Presentation-of-Silos-Cordoba-new-department-by-Rabanales21.jpg\",\"contentUrl\":\"https:\\\/\\\/gandariaspain.com\\\/wp-content\\\/uploads\\\/2017\\\/09\\\/Presentation-of-Silos-Cordoba-new-department-by-Rabanales21.jpg\",\"width\":500,\"height\":300},{\"@type\":\"WebSite\",\"@id\":\"https:\\\/\\\/gandariaspain.com\\\/es\\\/#website\",\"url\":\"https:\\\/\\\/gandariaspain.com\\\/es\\\/\",\"name\":\"Gandaria - Silos Spain\",\"description\":\"Dep\u00f3sitos de agua y silos granja\",\"potentialAction\":[{\"@type\":\"SearchAction\",\"target\":{\"@type\":\"EntryPoint\",\"urlTemplate\":\"https:\\\/\\\/gandariaspain.com\\\/es\\\/?s={search_term_string}\"},\"query-input\":{\"@type\":\"PropertyValueSpecification\",\"valueRequired\":true,\"valueName\":\"search_term_string\"}}],\"inLanguage\":\"es\"},{\"@type\":\"Person\",\"@id\":\"https:\\\/\\\/gandariaspain.com\\\/es\\\/#\\\/schema\\\/person\\\/d7de0ee9324bc410a6df14842dd5f518\",\"name\":\"Silos Spain Gandaria\",\"image\":{\"@type\":\"ImageObject\",\"inLanguage\":\"es\",\"@id\":\"https:\\\/\\\/secure.gravatar.com\\\/avatar\\\/53b3b6d8d6e1be4cd9b580d2e196df5ea53361d2c1d336583ac151d84e053c23?s=96&d=mm&r=g\",\"url\":\"https:\\\/\\\/secure.gravatar.com\\\/avatar\\\/53b3b6d8d6e1be4cd9b580d2e196df5ea53361d2c1d336583ac151d84e053c23?s=96&d=mm&r=g\",\"contentUrl\":\"https:\\\/\\\/secure.gravatar.com\\\/avatar\\\/53b3b6d8d6e1be4cd9b580d2e196df5ea53361d2c1d336583ac151d84e053c23?s=96&d=mm&r=g\",\"caption\":\"Silos Spain Gandaria\"},\"url\":\"https:\\\/\\\/gandariaspain.com\\\/es\\\/author\\\/admin\\\/\"}]}<\/script>\n<!-- \/ Yoast SEO plugin. -->","yoast_head_json":{"title":"El Grupo Gandaria elige Rabanales 21 para instalar su departamento de I+D+i - Gandaria - Silos Spain","robots":{"index":"index","follow":"follow","max-snippet":"max-snippet:-1","max-image-preview":"max-image-preview:large","max-video-preview":"max-video-preview:-1"},"canonical":"https:\/\/gandariaspain.com\/es\/sala-de-prensa\/el-grupo-silos-cordoba-elige-rabanales-21-para-instalar-su-departamento-de-idi\/","og_locale":"es_ES","og_type":"article","og_title":"El Grupo Gandaria elige Rabanales 21 para instalar su departamento de I+D+i - Gandaria - Silos Spain","og_description":"El Grupo Gandaria ha elegido el Parque Cient\u00edfico Tecnol\u00f3gico de [&hellip;]","og_url":"https:\/\/gandariaspain.com\/es\/sala-de-prensa\/el-grupo-silos-cordoba-elige-rabanales-21-para-instalar-su-departamento-de-idi\/","og_site_name":"Gandaria - Silos Spain","article_published_time":"2013-05-13T11:47:56+00:00","article_modified_time":"2020-06-26T15:09:41+00:00","og_image":[{"width":500,"height":300,"url":"https:\/\/gandariaspain.com\/wp-content\/uploads\/2017\/09\/Presentation-of-Silos-Cordoba-new-department-by-Rabanales21.jpg","type":"image\/jpeg"}],"author":"Silos Spain Gandaria","twitter_card":"summary_large_image","twitter_misc":{"Escrito por":"Silos Spain Gandaria","Tiempo de lectura":"4 minutos"},"schema":{"@context":"https:\/\/schema.org","@graph":[{"@type":"Article","@id":"https:\/\/gandariaspain.com\/es\/sala-de-prensa\/el-grupo-silos-cordoba-elige-rabanales-21-para-instalar-su-departamento-de-idi\/#article","isPartOf":{"@id":"https:\/\/gandariaspain.com\/es\/sala-de-prensa\/el-grupo-silos-cordoba-elige-rabanales-21-para-instalar-su-departamento-de-idi\/"},"author":{"name":"Silos Spain Gandaria","@id":"https:\/\/gandariaspain.com\/es\/#\/schema\/person\/d7de0ee9324bc410a6df14842dd5f518"},"headline":"El Grupo Gandaria elige Rabanales 21 para instalar su departamento de I+D+i","datePublished":"2013-05-13T11:47:56+00:00","dateModified":"2020-06-26T15:09:41+00:00","mainEntityOfPage":{"@id":"https:\/\/gandariaspain.com\/es\/sala-de-prensa\/el-grupo-silos-cordoba-elige-rabanales-21-para-instalar-su-departamento-de-idi\/"},"wordCount":792,"image":{"@id":"https:\/\/gandariaspain.com\/es\/sala-de-prensa\/el-grupo-silos-cordoba-elige-rabanales-21-para-instalar-su-departamento-de-idi\/#primaryimage"},"thumbnailUrl":"https:\/\/gandariaspain.com\/wp-content\/uploads\/2017\/09\/Presentation-of-Silos-Cordoba-new-department-by-Rabanales21.jpg","articleSection":["Sala de prensa"],"inLanguage":"es"},{"@type":"WebPage","@id":"https:\/\/gandariaspain.com\/es\/sala-de-prensa\/el-grupo-silos-cordoba-elige-rabanales-21-para-instalar-su-departamento-de-idi\/","url":"https:\/\/gandariaspain.com\/es\/sala-de-prensa\/el-grupo-silos-cordoba-elige-rabanales-21-para-instalar-su-departamento-de-idi\/","name":"El Grupo Gandaria elige Rabanales 21 para instalar su departamento de I+D+i - Gandaria - Silos Spain","isPartOf":{"@id":"https:\/\/gandariaspain.com\/es\/#website"},"primaryImageOfPage":{"@id":"https:\/\/gandariaspain.com\/es\/sala-de-prensa\/el-grupo-silos-cordoba-elige-rabanales-21-para-instalar-su-departamento-de-idi\/#primaryimage"},"image":{"@id":"https:\/\/gandariaspain.com\/es\/sala-de-prensa\/el-grupo-silos-cordoba-elige-rabanales-21-para-instalar-su-departamento-de-idi\/#primaryimage"},"thumbnailUrl":"https:\/\/gandariaspain.com\/wp-content\/uploads\/2017\/09\/Presentation-of-Silos-Cordoba-new-department-by-Rabanales21.jpg","datePublished":"2013-05-13T11:47:56+00:00","dateModified":"2020-06-26T15:09:41+00:00","author":{"@id":"https:\/\/gandariaspain.com\/es\/#\/schema\/person\/d7de0ee9324bc410a6df14842dd5f518"},"inLanguage":"es","potentialAction":[{"@type":"ReadAction","target":["https:\/\/gandariaspain.com\/es\/sala-de-prensa\/el-grupo-silos-cordoba-elige-rabanales-21-para-instalar-su-departamento-de-idi\/"]}]},{"@type":"ImageObject","inLanguage":"es","@id":"https:\/\/gandariaspain.com\/es\/sala-de-prensa\/el-grupo-silos-cordoba-elige-rabanales-21-para-instalar-su-departamento-de-idi\/#primaryimage","url":"https:\/\/gandariaspain.com\/wp-content\/uploads\/2017\/09\/Presentation-of-Silos-Cordoba-new-department-by-Rabanales21.jpg","contentUrl":"https:\/\/gandariaspain.com\/wp-content\/uploads\/2017\/09\/Presentation-of-Silos-Cordoba-new-department-by-Rabanales21.jpg","width":500,"height":300},{"@type":"WebSite","@id":"https:\/\/gandariaspain.com\/es\/#website","url":"https:\/\/gandariaspain.com\/es\/","name":"Gandaria - Silos Spain","description":"Dep\u00f3sitos de agua y silos granja","potentialAction":[{"@type":"SearchAction","target":{"@type":"EntryPoint","urlTemplate":"https:\/\/gandariaspain.com\/es\/?s={search_term_string}"},"query-input":{"@type":"PropertyValueSpecification","valueRequired":true,"valueName":"search_term_string"}}],"inLanguage":"es"},{"@type":"Person","@id":"https:\/\/gandariaspain.com\/es\/#\/schema\/person\/d7de0ee9324bc410a6df14842dd5f518","name":"Silos Spain Gandaria","image":{"@type":"ImageObject","inLanguage":"es","@id":"https:\/\/secure.gravatar.com\/avatar\/53b3b6d8d6e1be4cd9b580d2e196df5ea53361d2c1d336583ac151d84e053c23?s=96&d=mm&r=g","url":"https:\/\/secure.gravatar.com\/avatar\/53b3b6d8d6e1be4cd9b580d2e196df5ea53361d2c1d336583ac151d84e053c23?s=96&d=mm&r=g","contentUrl":"https:\/\/secure.gravatar.com\/avatar\/53b3b6d8d6e1be4cd9b580d2e196df5ea53361d2c1d336583ac151d84e053c23?s=96&d=mm&r=g","caption":"Silos Spain Gandaria"},"url":"https:\/\/gandariaspain.com\/es\/author\/admin\/"}]}},"_links":{"self":[{"href":"https:\/\/gandariaspain.com\/es\/wp-json\/wp\/v2\/posts\/42086","targetHints":{"allow":["GET"]}}],"collection":[{"href":"https:\/\/gandariaspain.com\/es\/wp-json\/wp\/v2\/posts"}],"about":[{"href":"https:\/\/gandariaspain.com\/es\/wp-json\/wp\/v2\/types\/post"}],"author":[{"embeddable":true,"href":"https:\/\/gandariaspain.com\/es\/wp-json\/wp\/v2\/users\/2"}],"replies":[{"embeddable":true,"href":"https:\/\/gandariaspain.com\/es\/wp-json\/wp\/v2\/comments?post=42086"}],"version-history":[{"count":2,"href":"https:\/\/gandariaspain.com\/es\/wp-json\/wp\/v2\/posts\/42086\/revisions"}],"predecessor-version":[{"id":56906,"href":"https:\/\/gandariaspain.com\/es\/wp-json\/wp\/v2\/posts\/42086\/revisions\/56906"}],"wp:featuredmedia":[{"embeddable":true,"href":"https:\/\/gandariaspain.com\/es\/wp-json\/wp\/v2\/media\/42084"}],"wp:attachment":[{"href":"https:\/\/gandariaspain.com\/es\/wp-json\/wp\/v2\/media?parent=42086"}],"wp:term":[{"taxonomy":"category","embeddable":true,"href":"https:\/\/gandariaspain.com\/es\/wp-json\/wp\/v2\/categories?post=42086"},{"taxonomy":"post_tag","embeddable":true,"href":"https:\/\/gandariaspain.com\/es\/wp-json\/wp\/v2\/tags?post=42086"}],"curies":[{"name":"wp","href":"https:\/\/api.w.org\/{rel}","templated":true}]}}