{"id":40508,"date":"2014-06-23T10:50:06","date_gmt":"2014-06-23T08:50:06","guid":{"rendered":"https:\/\/gandariaspain.com\/?p=40508\/"},"modified":"2021-09-30T11:33:18","modified_gmt":"2021-09-30T09:33:18","slug":"premio-los-cordobeses-del-ano-servir-motivarnos","status":"publish","type":"post","link":"https:\/\/gandariaspain.com\/es\/sala-de-prensa\/premio-los-cordobeses-del-ano-servir-motivarnos\/","title":{"rendered":"El premio de los Cordobeses del A\u00f1o debe servir para motivarnos"},"content":{"rendered":"<p>Buen hacer y una visi\u00f3n optimista. El director general de Gandaria Spain, Juan L\u00f3pez Regal\u00f3n, recibi\u00f3 el premio de los Cordobeses del A\u00f1o que le fue entregado por el gerente de Diario C\u00f3rdoba, Julio Hidalgo, y destac\u00f3 la necesidad de que esta empresa contin\u00fae trabajando \u201cpor el futuro\u201d. En su estrategia est\u00e1n muy presentes la internacionalizaci\u00f3n, una labor que comenz\u00f3 hace dos d\u00e9cadas, y la investigaci\u00f3n y el desarrollo que les conduzcan a convertirse en l\u00edderes como proveedores de soluciones globales para el almacenaje y la conservaci\u00f3n del cereal.<\/p>\n<p><a href=\"https:\/\/gandariaspain.com\/wp-content\/uploads\/2014\/06\/Premio-Cordobeses-2013.jpg\"><img loading=\"lazy\" decoding=\"async\" class=\"aligncenter wp-image-11710\" src=\"https:\/\/gandariaspain.com\/wp-content\/uploads\/2014\/06\/Premio-Cordobeses-2013.jpg\" alt=\"Premio Cordobeses del A\u00f1o 2013\" width=\"620\" height=\"827\" srcset=\"https:\/\/gandariaspain.com\/wp-content\/uploads\/2014\/06\/Premio-Cordobeses-2013.jpg 768w, https:\/\/gandariaspain.com\/wp-content\/uploads\/2014\/06\/Premio-Cordobeses-2013-225x300.jpg 225w, https:\/\/gandariaspain.com\/wp-content\/uploads\/2014\/06\/Premio-Cordobeses-2013-610x813.jpg 610w\" sizes=\"(max-width: 620px) 100vw, 620px\" \/><\/a><\/p>\n<p>En el a\u00f1o 2013 la firma alcanz\u00f3 los 46 millones de euros de facturaci\u00f3n y en la actualidad trabaja con unos 35 pa\u00edses de todo el mundo. No obstante, su director general record\u00f3 que para alcanzar este desarrollo han sido necesarios dos pilares fundamentales. Por un lado, la labor de su padre, que fue el fundador de la empresa en 1975, y de otro, el trabajo y \u201clos valores\u201d de su madre, sobre la que explic\u00f3 que no pudo acudir a la gala porque se estaba recuperando de una operaci\u00f3n m\u00e9dica.<\/p>\n<p>Juan L\u00f3pez tambi\u00e9n reconoci\u00f3 el papel de los trabajadores de esta compa\u00f1\u00eda y explic\u00f3 que el reconocimiento otorgado por diario C\u00f3rdoba \u201cnos debe servir para motivarnos\u201d. Este galard\u00f3n, adem\u00e1s, se ha sumado al premio Alas, que le entreg\u00f3 la Junta de Andaluc\u00eda a principios de a\u00f1o para reconocer su labor exportadora. En la actualidad, esta firma se dedica al dise\u00f1o y montaje de instalaciones agroindustriales, la fabricaci\u00f3n de silos met\u00e1licos, la producci\u00f3n de maquinaria de transporte y de estructuras y revestimientos met\u00e1licos. Recientemente, adem\u00e1s, ha iniciado las obras para trasladar la sede al Parque Cient\u00edfico Tecnol\u00f3gico Rabanales 21.<\/p>\n<p>Fotos: Una distinci\u00f3n a la trayectoria. Juan L\u00f3pez Regal\u00f3n posa con el galard\u00f3n junto al gerente de Diario C\u00f3rdoba, Julio Hidalgo. Abajo, en la foto de familia.<\/p>\n<p>Ver noticia completa en la <a style=\"font-size: 13px\" href=\"https:\/\/gandariaspain.com\/wp-content\/uploads\/2014\/06\/Especial-Diario-Cordoba.pdf\">Edici\u00f3n Especial del Diario C\u00f3rdoba<\/a><\/p>\n<p>Ver Dossier de prensa<\/p>\n<span class=\"et_bloom_bottom_trigger\"><\/span>","protected":false},"excerpt":{"rendered":"<p>Buen hacer y una visi\u00f3n optimista. El director general de [&hellip;]<\/p>\n","protected":false},"author":2,"featured_media":40482,"comment_status":"closed","ping_status":"open","sticky":false,"template":"","format":"standard","meta":{"_et_pb_use_builder":"","_et_pb_old_content":"","_et_gb_content_width":"","_mbp_gutenberg_autopost":false,"footnotes":""},"categories":[139],"tags":[],"class_list":["post-40508","post","type-post","status-publish","format-standard","has-post-thumbnail","hentry","category-sala-de-prensa"],"yoast_head":"<!-- This site is optimized with the Yoast SEO plugin v27.5 - https:\/\/yoast.com\/product\/yoast-seo-wordpress\/ -->\n<title>El premio de los Cordobeses del A\u00f1o debe servir para motivarnos - Gandaria - Silos Spain<\/title>\n<meta name=\"robots\" content=\"index, follow, max-snippet:-1, max-image-preview:large, max-video-preview:-1\" \/>\n<link rel=\"canonical\" href=\"https:\/\/gandariaspain.com\/es\/sala-de-prensa\/premio-los-cordobeses-del-ano-servir-motivarnos\/\" \/>\n<meta property=\"og:locale\" content=\"es_ES\" \/>\n<meta property=\"og:type\" content=\"article\" \/>\n<meta property=\"og:title\" content=\"El premio de los Cordobeses del A\u00f1o debe servir para motivarnos - Gandaria - Silos Spain\" \/>\n<meta property=\"og:description\" content=\"Buen hacer y una visi\u00f3n optimista. El director general de [&hellip;]\" \/>\n<meta property=\"og:url\" content=\"https:\/\/gandariaspain.com\/es\/sala-de-prensa\/premio-los-cordobeses-del-ano-servir-motivarnos\/\" \/>\n<meta property=\"og:site_name\" content=\"Gandaria - Silos Spain\" \/>\n<meta property=\"article:published_time\" content=\"2014-06-23T08:50:06+00:00\" \/>\n<meta property=\"article:modified_time\" content=\"2021-09-30T09:33:18+00:00\" \/>\n<meta property=\"og:image\" content=\"https:\/\/gandariaspain.com\/wp-content\/uploads\/2017\/09\/Juan-Lopez-con-premio-Cordobeses.jpg\" \/>\n\t<meta property=\"og:image:width\" content=\"500\" \/>\n\t<meta property=\"og:image:height\" content=\"300\" \/>\n\t<meta property=\"og:image:type\" content=\"image\/jpeg\" \/>\n<meta name=\"author\" content=\"Silos Spain Gandaria\" \/>\n<meta name=\"twitter:card\" content=\"summary_large_image\" \/>\n<meta name=\"twitter:label1\" content=\"Escrito por\" \/>\n\t<meta name=\"twitter:data1\" content=\"Silos Spain Gandaria\" \/>\n\t<meta name=\"twitter:label2\" content=\"Tiempo de lectura\" \/>\n\t<meta name=\"twitter:data2\" content=\"2 minutos\" \/>\n<script type=\"application\/ld+json\" class=\"yoast-schema-graph\">{\"@context\":\"https:\\\/\\\/schema.org\",\"@graph\":[{\"@type\":\"Article\",\"@id\":\"https:\\\/\\\/gandariaspain.com\\\/es\\\/sala-de-prensa\\\/premio-los-cordobeses-del-ano-servir-motivarnos\\\/#article\",\"isPartOf\":{\"@id\":\"https:\\\/\\\/gandariaspain.com\\\/es\\\/sala-de-prensa\\\/premio-los-cordobeses-del-ano-servir-motivarnos\\\/\"},\"author\":{\"name\":\"Silos Spain Gandaria\",\"@id\":\"https:\\\/\\\/gandariaspain.com\\\/es\\\/#\\\/schema\\\/person\\\/d7de0ee9324bc410a6df14842dd5f518\"},\"headline\":\"El premio de los Cordobeses del A\u00f1o debe servir para motivarnos\",\"datePublished\":\"2014-06-23T08:50:06+00:00\",\"dateModified\":\"2021-09-30T09:33:18+00:00\",\"mainEntityOfPage\":{\"@id\":\"https:\\\/\\\/gandariaspain.com\\\/es\\\/sala-de-prensa\\\/premio-los-cordobeses-del-ano-servir-motivarnos\\\/\"},\"wordCount\":366,\"image\":{\"@id\":\"https:\\\/\\\/gandariaspain.com\\\/es\\\/sala-de-prensa\\\/premio-los-cordobeses-del-ano-servir-motivarnos\\\/#primaryimage\"},\"thumbnailUrl\":\"https:\\\/\\\/gandariaspain.com\\\/wp-content\\\/uploads\\\/2017\\\/09\\\/Juan-Lopez-con-premio-Cordobeses.jpg\",\"articleSection\":[\"Sala de prensa\"],\"inLanguage\":\"es\"},{\"@type\":\"WebPage\",\"@id\":\"https:\\\/\\\/gandariaspain.com\\\/es\\\/sala-de-prensa\\\/premio-los-cordobeses-del-ano-servir-motivarnos\\\/\",\"url\":\"https:\\\/\\\/gandariaspain.com\\\/es\\\/sala-de-prensa\\\/premio-los-cordobeses-del-ano-servir-motivarnos\\\/\",\"name\":\"El premio de los Cordobeses del A\u00f1o debe servir para motivarnos - Gandaria - Silos Spain\",\"isPartOf\":{\"@id\":\"https:\\\/\\\/gandariaspain.com\\\/es\\\/#website\"},\"primaryImageOfPage\":{\"@id\":\"https:\\\/\\\/gandariaspain.com\\\/es\\\/sala-de-prensa\\\/premio-los-cordobeses-del-ano-servir-motivarnos\\\/#primaryimage\"},\"image\":{\"@id\":\"https:\\\/\\\/gandariaspain.com\\\/es\\\/sala-de-prensa\\\/premio-los-cordobeses-del-ano-servir-motivarnos\\\/#primaryimage\"},\"thumbnailUrl\":\"https:\\\/\\\/gandariaspain.com\\\/wp-content\\\/uploads\\\/2017\\\/09\\\/Juan-Lopez-con-premio-Cordobeses.jpg\",\"datePublished\":\"2014-06-23T08:50:06+00:00\",\"dateModified\":\"2021-09-30T09:33:18+00:00\",\"author\":{\"@id\":\"https:\\\/\\\/gandariaspain.com\\\/es\\\/#\\\/schema\\\/person\\\/d7de0ee9324bc410a6df14842dd5f518\"},\"inLanguage\":\"es\",\"potentialAction\":[{\"@type\":\"ReadAction\",\"target\":[\"https:\\\/\\\/gandariaspain.com\\\/es\\\/sala-de-prensa\\\/premio-los-cordobeses-del-ano-servir-motivarnos\\\/\"]}]},{\"@type\":\"ImageObject\",\"inLanguage\":\"es\",\"@id\":\"https:\\\/\\\/gandariaspain.com\\\/es\\\/sala-de-prensa\\\/premio-los-cordobeses-del-ano-servir-motivarnos\\\/#primaryimage\",\"url\":\"https:\\\/\\\/gandariaspain.com\\\/wp-content\\\/uploads\\\/2017\\\/09\\\/Juan-Lopez-con-premio-Cordobeses.jpg\",\"contentUrl\":\"https:\\\/\\\/gandariaspain.com\\\/wp-content\\\/uploads\\\/2017\\\/09\\\/Juan-Lopez-con-premio-Cordobeses.jpg\",\"width\":500,\"height\":300},{\"@type\":\"WebSite\",\"@id\":\"https:\\\/\\\/gandariaspain.com\\\/es\\\/#website\",\"url\":\"https:\\\/\\\/gandariaspain.com\\\/es\\\/\",\"name\":\"Gandaria - Silos Spain\",\"description\":\"Dep\u00f3sitos de agua y silos granja\",\"potentialAction\":[{\"@type\":\"SearchAction\",\"target\":{\"@type\":\"EntryPoint\",\"urlTemplate\":\"https:\\\/\\\/gandariaspain.com\\\/es\\\/?s={search_term_string}\"},\"query-input\":{\"@type\":\"PropertyValueSpecification\",\"valueRequired\":true,\"valueName\":\"search_term_string\"}}],\"inLanguage\":\"es\"},{\"@type\":\"Person\",\"@id\":\"https:\\\/\\\/gandariaspain.com\\\/es\\\/#\\\/schema\\\/person\\\/d7de0ee9324bc410a6df14842dd5f518\",\"name\":\"Silos Spain Gandaria\",\"image\":{\"@type\":\"ImageObject\",\"inLanguage\":\"es\",\"@id\":\"https:\\\/\\\/secure.gravatar.com\\\/avatar\\\/53b3b6d8d6e1be4cd9b580d2e196df5ea53361d2c1d336583ac151d84e053c23?s=96&d=mm&r=g\",\"url\":\"https:\\\/\\\/secure.gravatar.com\\\/avatar\\\/53b3b6d8d6e1be4cd9b580d2e196df5ea53361d2c1d336583ac151d84e053c23?s=96&d=mm&r=g\",\"contentUrl\":\"https:\\\/\\\/secure.gravatar.com\\\/avatar\\\/53b3b6d8d6e1be4cd9b580d2e196df5ea53361d2c1d336583ac151d84e053c23?s=96&d=mm&r=g\",\"caption\":\"Silos Spain Gandaria\"},\"url\":\"https:\\\/\\\/gandariaspain.com\\\/es\\\/author\\\/admin\\\/\"}]}<\/script>\n<!-- \/ Yoast SEO plugin. -->","yoast_head_json":{"title":"El premio de los Cordobeses del A\u00f1o debe servir para motivarnos - Gandaria - Silos Spain","robots":{"index":"index","follow":"follow","max-snippet":"max-snippet:-1","max-image-preview":"max-image-preview:large","max-video-preview":"max-video-preview:-1"},"canonical":"https:\/\/gandariaspain.com\/es\/sala-de-prensa\/premio-los-cordobeses-del-ano-servir-motivarnos\/","og_locale":"es_ES","og_type":"article","og_title":"El premio de los Cordobeses del A\u00f1o debe servir para motivarnos - Gandaria - Silos Spain","og_description":"Buen hacer y una visi\u00f3n optimista. El director general de [&hellip;]","og_url":"https:\/\/gandariaspain.com\/es\/sala-de-prensa\/premio-los-cordobeses-del-ano-servir-motivarnos\/","og_site_name":"Gandaria - Silos Spain","article_published_time":"2014-06-23T08:50:06+00:00","article_modified_time":"2021-09-30T09:33:18+00:00","og_image":[{"width":500,"height":300,"url":"https:\/\/gandariaspain.com\/wp-content\/uploads\/2017\/09\/Juan-Lopez-con-premio-Cordobeses.jpg","type":"image\/jpeg"}],"author":"Silos Spain Gandaria","twitter_card":"summary_large_image","twitter_misc":{"Escrito por":"Silos Spain Gandaria","Tiempo de lectura":"2 minutos"},"schema":{"@context":"https:\/\/schema.org","@graph":[{"@type":"Article","@id":"https:\/\/gandariaspain.com\/es\/sala-de-prensa\/premio-los-cordobeses-del-ano-servir-motivarnos\/#article","isPartOf":{"@id":"https:\/\/gandariaspain.com\/es\/sala-de-prensa\/premio-los-cordobeses-del-ano-servir-motivarnos\/"},"author":{"name":"Silos Spain Gandaria","@id":"https:\/\/gandariaspain.com\/es\/#\/schema\/person\/d7de0ee9324bc410a6df14842dd5f518"},"headline":"El premio de los Cordobeses del A\u00f1o debe servir para motivarnos","datePublished":"2014-06-23T08:50:06+00:00","dateModified":"2021-09-30T09:33:18+00:00","mainEntityOfPage":{"@id":"https:\/\/gandariaspain.com\/es\/sala-de-prensa\/premio-los-cordobeses-del-ano-servir-motivarnos\/"},"wordCount":366,"image":{"@id":"https:\/\/gandariaspain.com\/es\/sala-de-prensa\/premio-los-cordobeses-del-ano-servir-motivarnos\/#primaryimage"},"thumbnailUrl":"https:\/\/gandariaspain.com\/wp-content\/uploads\/2017\/09\/Juan-Lopez-con-premio-Cordobeses.jpg","articleSection":["Sala de prensa"],"inLanguage":"es"},{"@type":"WebPage","@id":"https:\/\/gandariaspain.com\/es\/sala-de-prensa\/premio-los-cordobeses-del-ano-servir-motivarnos\/","url":"https:\/\/gandariaspain.com\/es\/sala-de-prensa\/premio-los-cordobeses-del-ano-servir-motivarnos\/","name":"El premio de los Cordobeses del A\u00f1o debe servir para motivarnos - Gandaria - Silos Spain","isPartOf":{"@id":"https:\/\/gandariaspain.com\/es\/#website"},"primaryImageOfPage":{"@id":"https:\/\/gandariaspain.com\/es\/sala-de-prensa\/premio-los-cordobeses-del-ano-servir-motivarnos\/#primaryimage"},"image":{"@id":"https:\/\/gandariaspain.com\/es\/sala-de-prensa\/premio-los-cordobeses-del-ano-servir-motivarnos\/#primaryimage"},"thumbnailUrl":"https:\/\/gandariaspain.com\/wp-content\/uploads\/2017\/09\/Juan-Lopez-con-premio-Cordobeses.jpg","datePublished":"2014-06-23T08:50:06+00:00","dateModified":"2021-09-30T09:33:18+00:00","author":{"@id":"https:\/\/gandariaspain.com\/es\/#\/schema\/person\/d7de0ee9324bc410a6df14842dd5f518"},"inLanguage":"es","potentialAction":[{"@type":"ReadAction","target":["https:\/\/gandariaspain.com\/es\/sala-de-prensa\/premio-los-cordobeses-del-ano-servir-motivarnos\/"]}]},{"@type":"ImageObject","inLanguage":"es","@id":"https:\/\/gandariaspain.com\/es\/sala-de-prensa\/premio-los-cordobeses-del-ano-servir-motivarnos\/#primaryimage","url":"https:\/\/gandariaspain.com\/wp-content\/uploads\/2017\/09\/Juan-Lopez-con-premio-Cordobeses.jpg","contentUrl":"https:\/\/gandariaspain.com\/wp-content\/uploads\/2017\/09\/Juan-Lopez-con-premio-Cordobeses.jpg","width":500,"height":300},{"@type":"WebSite","@id":"https:\/\/gandariaspain.com\/es\/#website","url":"https:\/\/gandariaspain.com\/es\/","name":"Gandaria - Silos Spain","description":"Dep\u00f3sitos de agua y silos granja","potentialAction":[{"@type":"SearchAction","target":{"@type":"EntryPoint","urlTemplate":"https:\/\/gandariaspain.com\/es\/?s={search_term_string}"},"query-input":{"@type":"PropertyValueSpecification","valueRequired":true,"valueName":"search_term_string"}}],"inLanguage":"es"},{"@type":"Person","@id":"https:\/\/gandariaspain.com\/es\/#\/schema\/person\/d7de0ee9324bc410a6df14842dd5f518","name":"Silos Spain Gandaria","image":{"@type":"ImageObject","inLanguage":"es","@id":"https:\/\/secure.gravatar.com\/avatar\/53b3b6d8d6e1be4cd9b580d2e196df5ea53361d2c1d336583ac151d84e053c23?s=96&d=mm&r=g","url":"https:\/\/secure.gravatar.com\/avatar\/53b3b6d8d6e1be4cd9b580d2e196df5ea53361d2c1d336583ac151d84e053c23?s=96&d=mm&r=g","contentUrl":"https:\/\/secure.gravatar.com\/avatar\/53b3b6d8d6e1be4cd9b580d2e196df5ea53361d2c1d336583ac151d84e053c23?s=96&d=mm&r=g","caption":"Silos Spain Gandaria"},"url":"https:\/\/gandariaspain.com\/es\/author\/admin\/"}]}},"_links":{"self":[{"href":"https:\/\/gandariaspain.com\/es\/wp-json\/wp\/v2\/posts\/40508","targetHints":{"allow":["GET"]}}],"collection":[{"href":"https:\/\/gandariaspain.com\/es\/wp-json\/wp\/v2\/posts"}],"about":[{"href":"https:\/\/gandariaspain.com\/es\/wp-json\/wp\/v2\/types\/post"}],"author":[{"embeddable":true,"href":"https:\/\/gandariaspain.com\/es\/wp-json\/wp\/v2\/users\/2"}],"replies":[{"embeddable":true,"href":"https:\/\/gandariaspain.com\/es\/wp-json\/wp\/v2\/comments?post=40508"}],"version-history":[{"count":2,"href":"https:\/\/gandariaspain.com\/es\/wp-json\/wp\/v2\/posts\/40508\/revisions"}],"predecessor-version":[{"id":62184,"href":"https:\/\/gandariaspain.com\/es\/wp-json\/wp\/v2\/posts\/40508\/revisions\/62184"}],"wp:featuredmedia":[{"embeddable":true,"href":"https:\/\/gandariaspain.com\/es\/wp-json\/wp\/v2\/media\/40482"}],"wp:attachment":[{"href":"https:\/\/gandariaspain.com\/es\/wp-json\/wp\/v2\/media?parent=40508"}],"wp:term":[{"taxonomy":"category","embeddable":true,"href":"https:\/\/gandariaspain.com\/es\/wp-json\/wp\/v2\/categories?post=40508"},{"taxonomy":"post_tag","embeddable":true,"href":"https:\/\/gandariaspain.com\/es\/wp-json\/wp\/v2\/tags?post=40508"}],"curies":[{"name":"wp","href":"https:\/\/api.w.org\/{rel}","templated":true}]}}