{"id":25634,"date":"2013-10-30T00:00:00","date_gmt":"2013-10-29T23:00:00","guid":{"rendered":"https:\/\/gandariaspain.com\/productos\/proyectos-avicolas-llave-en-mano-en-el-congreso-latinoamericano-de-avicultura-de-el-salvador\/"},"modified":"2020-10-20T12:05:06","modified_gmt":"2020-10-20T10:05:06","slug":"proyectos-avicolas-llave-en-mano-en-el-congreso-latinoamericano-de-avicultura-de-el-salvador","status":"publish","type":"post","link":"https:\/\/gandariaspain.com\/es\/blog-es\/empresa\/proyectos-avicolas-llave-en-mano-en-el-congreso-latinoamericano-de-avicultura-de-el-salvador\/","title":{"rendered":"Proyectos av\u00edcolas llave en mano en el Congreso Latinoamericano de Avicultura de El Salvador"},"content":{"rendered":"<p style=\"text-align: justify;\"><strong>Alimentaci\u00f3n, tecnolog\u00eda y sostenibilidad es el lema de este evento, en el que nuestra divisi\u00f3n ganadera estar\u00e1 presentando sus proyectos av\u00edcolas llave en mano.<\/strong><\/p>\n<p style=\"text-align: justify;\">El XXIII Congreso Latinoamericano de Avicultura tendr\u00e1 lugar del 12 al 15 de noviembre en el Centro de Ferias y Convenciones de El Salvador, ubicado en San Salvador.<\/p>\n<p style=\"text-align: justify;\">El congreso ser\u00e1 \u00a0una ventana de la industria av\u00edcola no s\u00f3lo del pa\u00eds, sino de la regi\u00f3n y de Latinoam\u00e9rica, de una industria competitiva, capaz de participar en los mercados, siempre que existan las posibilidades de comercio y de homologaci\u00f3n sanitaria.<\/p>\n<p style=\"text-align: justify;\">En este congreso van a participar desde los m\u00e1s grandes pa\u00edses productores del istmo, hasta los m\u00e1s peque\u00f1os, adem\u00e1s de los del resto de Latinoam\u00e9rica, as\u00ed como t\u00e9cnicos, empresas conexas, acad\u00e9micos, etc.<\/p>\n<p style=\"text-align: justify;\">Nuestra divisi\u00f3n ganadera, Gandaria Servicios Ganaderos, tambi\u00e9n participar\u00e1 en este evento, en el que estaremos presentando nuestros proyectos av\u00edcolas llave en mano y el desarrollo de estructuras espec\u00edficas para cada localizaci\u00f3n, desde estructuras que soportan vientos de 260 km\/h y condiciones adversas hasta estructuras ligeras para condiciones climatol\u00f3gicas favorables.<\/p>\n<p style=\"text-align: justify;\">\u00a1B\u00fascanos en el stand F14-F15!<\/p>\n<p style=\"text-align: justify;\">M\u00e1s informaci\u00f3n: Avicultura 2013<\/p>\n<span class=\"et_bloom_bottom_trigger\"><\/span>","protected":false},"excerpt":{"rendered":"<p>Alimentaci\u00f3n, tecnolog\u00eda y sostenibilidad es el lema de este evento, en el que nuestra divisi\u00f3n ganadera estar\u00e1 presentando sus proyectos av\u00edcolas llave en mano.<br \/>\nEl XXIII Congreso Latinoamericano de Avicultura tendr\u00e1 lugar del 12 al 15 de noviembre en el Centro de Ferias y Convenciones de El Salvador, ubicado en San Salvador.<\/p>\n","protected":false},"author":2,"featured_media":0,"comment_status":"open","ping_status":"open","sticky":false,"template":"","format":"standard","meta":{"_et_pb_use_builder":"","_et_pb_old_content":"","_et_gb_content_width":"","_mbp_gutenberg_autopost":false,"footnotes":""},"categories":[46],"tags":[],"class_list":["post-25634","post","type-post","status-publish","format-standard","hentry","category-empresa"],"yoast_head":"<!-- This site is optimized with the Yoast SEO plugin v27.5 - https:\/\/yoast.com\/product\/yoast-seo-wordpress\/ -->\n<title>Proyectos av\u00edcolas llave en mano en el Congreso Latinoamericano de Avicultura de El Salvador - Gandaria - Silos Spain<\/title>\n<meta name=\"robots\" content=\"index, follow, max-snippet:-1, max-image-preview:large, max-video-preview:-1\" \/>\n<link rel=\"canonical\" href=\"https:\/\/gandariaspain.com\/es\/blog-es\/empresa\/proyectos-avicolas-llave-en-mano-en-el-congreso-latinoamericano-de-avicultura-de-el-salvador\/\" \/>\n<meta property=\"og:locale\" content=\"es_ES\" \/>\n<meta property=\"og:type\" content=\"article\" \/>\n<meta property=\"og:title\" content=\"Proyectos av\u00edcolas llave en mano en el Congreso Latinoamericano de Avicultura de El Salvador - Gandaria - Silos Spain\" \/>\n<meta property=\"og:description\" content=\"Alimentaci\u00f3n, tecnolog\u00eda y sostenibilidad es el lema de este evento, en el que nuestra divisi\u00f3n ganadera estar\u00e1 presentando sus proyectos av\u00edcolas llave en mano. El XXIII Congreso Latinoamericano de Avicultura tendr\u00e1 lugar del 12 al 15 de noviembre en el Centro de Ferias y Convenciones de El Salvador, ubicado en San Salvador.\" \/>\n<meta property=\"og:url\" content=\"https:\/\/gandariaspain.com\/es\/blog-es\/empresa\/proyectos-avicolas-llave-en-mano-en-el-congreso-latinoamericano-de-avicultura-de-el-salvador\/\" \/>\n<meta property=\"og:site_name\" content=\"Gandaria - Silos Spain\" \/>\n<meta property=\"article:published_time\" content=\"2013-10-29T23:00:00+00:00\" \/>\n<meta property=\"article:modified_time\" content=\"2020-10-20T10:05:06+00:00\" \/>\n<meta name=\"author\" content=\"Silos Spain Gandaria\" \/>\n<meta name=\"twitter:card\" content=\"summary_large_image\" \/>\n<meta name=\"twitter:label1\" content=\"Escrito por\" \/>\n\t<meta name=\"twitter:data1\" content=\"Silos Spain Gandaria\" \/>\n\t<meta name=\"twitter:label2\" content=\"Tiempo de lectura\" \/>\n\t<meta name=\"twitter:data2\" content=\"1 minuto\" \/>\n<script type=\"application\/ld+json\" class=\"yoast-schema-graph\">{\"@context\":\"https:\\\/\\\/schema.org\",\"@graph\":[{\"@type\":\"Article\",\"@id\":\"https:\\\/\\\/gandariaspain.com\\\/es\\\/blog-es\\\/empresa\\\/proyectos-avicolas-llave-en-mano-en-el-congreso-latinoamericano-de-avicultura-de-el-salvador\\\/#article\",\"isPartOf\":{\"@id\":\"https:\\\/\\\/gandariaspain.com\\\/es\\\/blog-es\\\/empresa\\\/proyectos-avicolas-llave-en-mano-en-el-congreso-latinoamericano-de-avicultura-de-el-salvador\\\/\"},\"author\":{\"name\":\"Silos Spain Gandaria\",\"@id\":\"https:\\\/\\\/gandariaspain.com\\\/es\\\/#\\\/schema\\\/person\\\/d7de0ee9324bc410a6df14842dd5f518\"},\"headline\":\"Proyectos av\u00edcolas llave en mano en el Congreso Latinoamericano de Avicultura de El Salvador\",\"datePublished\":\"2013-10-29T23:00:00+00:00\",\"dateModified\":\"2020-10-20T10:05:06+00:00\",\"mainEntityOfPage\":{\"@id\":\"https:\\\/\\\/gandariaspain.com\\\/es\\\/blog-es\\\/empresa\\\/proyectos-avicolas-llave-en-mano-en-el-congreso-latinoamericano-de-avicultura-de-el-salvador\\\/\"},\"wordCount\":223,\"commentCount\":0,\"articleSection\":[\"Empresa\"],\"inLanguage\":\"es\",\"potentialAction\":[{\"@type\":\"CommentAction\",\"name\":\"Comment\",\"target\":[\"https:\\\/\\\/gandariaspain.com\\\/es\\\/blog-es\\\/empresa\\\/proyectos-avicolas-llave-en-mano-en-el-congreso-latinoamericano-de-avicultura-de-el-salvador\\\/#respond\"]}]},{\"@type\":\"WebPage\",\"@id\":\"https:\\\/\\\/gandariaspain.com\\\/es\\\/blog-es\\\/empresa\\\/proyectos-avicolas-llave-en-mano-en-el-congreso-latinoamericano-de-avicultura-de-el-salvador\\\/\",\"url\":\"https:\\\/\\\/gandariaspain.com\\\/es\\\/blog-es\\\/empresa\\\/proyectos-avicolas-llave-en-mano-en-el-congreso-latinoamericano-de-avicultura-de-el-salvador\\\/\",\"name\":\"Proyectos av\u00edcolas llave en mano en el Congreso Latinoamericano de Avicultura de El Salvador - Gandaria - Silos Spain\",\"isPartOf\":{\"@id\":\"https:\\\/\\\/gandariaspain.com\\\/es\\\/#website\"},\"datePublished\":\"2013-10-29T23:00:00+00:00\",\"dateModified\":\"2020-10-20T10:05:06+00:00\",\"author\":{\"@id\":\"https:\\\/\\\/gandariaspain.com\\\/es\\\/#\\\/schema\\\/person\\\/d7de0ee9324bc410a6df14842dd5f518\"},\"inLanguage\":\"es\",\"potentialAction\":[{\"@type\":\"ReadAction\",\"target\":[\"https:\\\/\\\/gandariaspain.com\\\/es\\\/blog-es\\\/empresa\\\/proyectos-avicolas-llave-en-mano-en-el-congreso-latinoamericano-de-avicultura-de-el-salvador\\\/\"]}]},{\"@type\":\"WebSite\",\"@id\":\"https:\\\/\\\/gandariaspain.com\\\/es\\\/#website\",\"url\":\"https:\\\/\\\/gandariaspain.com\\\/es\\\/\",\"name\":\"Gandaria - Silos Spain\",\"description\":\"Dep\u00f3sitos de agua y silos granja\",\"potentialAction\":[{\"@type\":\"SearchAction\",\"target\":{\"@type\":\"EntryPoint\",\"urlTemplate\":\"https:\\\/\\\/gandariaspain.com\\\/es\\\/?s={search_term_string}\"},\"query-input\":{\"@type\":\"PropertyValueSpecification\",\"valueRequired\":true,\"valueName\":\"search_term_string\"}}],\"inLanguage\":\"es\"},{\"@type\":\"Person\",\"@id\":\"https:\\\/\\\/gandariaspain.com\\\/es\\\/#\\\/schema\\\/person\\\/d7de0ee9324bc410a6df14842dd5f518\",\"name\":\"Silos Spain Gandaria\",\"image\":{\"@type\":\"ImageObject\",\"inLanguage\":\"es\",\"@id\":\"https:\\\/\\\/secure.gravatar.com\\\/avatar\\\/53b3b6d8d6e1be4cd9b580d2e196df5ea53361d2c1d336583ac151d84e053c23?s=96&d=mm&r=g\",\"url\":\"https:\\\/\\\/secure.gravatar.com\\\/avatar\\\/53b3b6d8d6e1be4cd9b580d2e196df5ea53361d2c1d336583ac151d84e053c23?s=96&d=mm&r=g\",\"contentUrl\":\"https:\\\/\\\/secure.gravatar.com\\\/avatar\\\/53b3b6d8d6e1be4cd9b580d2e196df5ea53361d2c1d336583ac151d84e053c23?s=96&d=mm&r=g\",\"caption\":\"Silos Spain Gandaria\"},\"url\":\"https:\\\/\\\/gandariaspain.com\\\/es\\\/author\\\/admin\\\/\"}]}<\/script>\n<!-- \/ Yoast SEO plugin. -->","yoast_head_json":{"title":"Proyectos av\u00edcolas llave en mano en el Congreso Latinoamericano de Avicultura de El Salvador - Gandaria - Silos Spain","robots":{"index":"index","follow":"follow","max-snippet":"max-snippet:-1","max-image-preview":"max-image-preview:large","max-video-preview":"max-video-preview:-1"},"canonical":"https:\/\/gandariaspain.com\/es\/blog-es\/empresa\/proyectos-avicolas-llave-en-mano-en-el-congreso-latinoamericano-de-avicultura-de-el-salvador\/","og_locale":"es_ES","og_type":"article","og_title":"Proyectos av\u00edcolas llave en mano en el Congreso Latinoamericano de Avicultura de El Salvador - Gandaria - Silos Spain","og_description":"Alimentaci\u00f3n, tecnolog\u00eda y sostenibilidad es el lema de este evento, en el que nuestra divisi\u00f3n ganadera estar\u00e1 presentando sus proyectos av\u00edcolas llave en mano. El XXIII Congreso Latinoamericano de Avicultura tendr\u00e1 lugar del 12 al 15 de noviembre en el Centro de Ferias y Convenciones de El Salvador, ubicado en San Salvador.","og_url":"https:\/\/gandariaspain.com\/es\/blog-es\/empresa\/proyectos-avicolas-llave-en-mano-en-el-congreso-latinoamericano-de-avicultura-de-el-salvador\/","og_site_name":"Gandaria - Silos Spain","article_published_time":"2013-10-29T23:00:00+00:00","article_modified_time":"2020-10-20T10:05:06+00:00","author":"Silos Spain Gandaria","twitter_card":"summary_large_image","twitter_misc":{"Escrito por":"Silos Spain Gandaria","Tiempo de lectura":"1 minuto"},"schema":{"@context":"https:\/\/schema.org","@graph":[{"@type":"Article","@id":"https:\/\/gandariaspain.com\/es\/blog-es\/empresa\/proyectos-avicolas-llave-en-mano-en-el-congreso-latinoamericano-de-avicultura-de-el-salvador\/#article","isPartOf":{"@id":"https:\/\/gandariaspain.com\/es\/blog-es\/empresa\/proyectos-avicolas-llave-en-mano-en-el-congreso-latinoamericano-de-avicultura-de-el-salvador\/"},"author":{"name":"Silos Spain Gandaria","@id":"https:\/\/gandariaspain.com\/es\/#\/schema\/person\/d7de0ee9324bc410a6df14842dd5f518"},"headline":"Proyectos av\u00edcolas llave en mano en el Congreso Latinoamericano de Avicultura de El Salvador","datePublished":"2013-10-29T23:00:00+00:00","dateModified":"2020-10-20T10:05:06+00:00","mainEntityOfPage":{"@id":"https:\/\/gandariaspain.com\/es\/blog-es\/empresa\/proyectos-avicolas-llave-en-mano-en-el-congreso-latinoamericano-de-avicultura-de-el-salvador\/"},"wordCount":223,"commentCount":0,"articleSection":["Empresa"],"inLanguage":"es","potentialAction":[{"@type":"CommentAction","name":"Comment","target":["https:\/\/gandariaspain.com\/es\/blog-es\/empresa\/proyectos-avicolas-llave-en-mano-en-el-congreso-latinoamericano-de-avicultura-de-el-salvador\/#respond"]}]},{"@type":"WebPage","@id":"https:\/\/gandariaspain.com\/es\/blog-es\/empresa\/proyectos-avicolas-llave-en-mano-en-el-congreso-latinoamericano-de-avicultura-de-el-salvador\/","url":"https:\/\/gandariaspain.com\/es\/blog-es\/empresa\/proyectos-avicolas-llave-en-mano-en-el-congreso-latinoamericano-de-avicultura-de-el-salvador\/","name":"Proyectos av\u00edcolas llave en mano en el Congreso Latinoamericano de Avicultura de El Salvador - Gandaria - Silos Spain","isPartOf":{"@id":"https:\/\/gandariaspain.com\/es\/#website"},"datePublished":"2013-10-29T23:00:00+00:00","dateModified":"2020-10-20T10:05:06+00:00","author":{"@id":"https:\/\/gandariaspain.com\/es\/#\/schema\/person\/d7de0ee9324bc410a6df14842dd5f518"},"inLanguage":"es","potentialAction":[{"@type":"ReadAction","target":["https:\/\/gandariaspain.com\/es\/blog-es\/empresa\/proyectos-avicolas-llave-en-mano-en-el-congreso-latinoamericano-de-avicultura-de-el-salvador\/"]}]},{"@type":"WebSite","@id":"https:\/\/gandariaspain.com\/es\/#website","url":"https:\/\/gandariaspain.com\/es\/","name":"Gandaria - Silos Spain","description":"Dep\u00f3sitos de agua y silos granja","potentialAction":[{"@type":"SearchAction","target":{"@type":"EntryPoint","urlTemplate":"https:\/\/gandariaspain.com\/es\/?s={search_term_string}"},"query-input":{"@type":"PropertyValueSpecification","valueRequired":true,"valueName":"search_term_string"}}],"inLanguage":"es"},{"@type":"Person","@id":"https:\/\/gandariaspain.com\/es\/#\/schema\/person\/d7de0ee9324bc410a6df14842dd5f518","name":"Silos Spain Gandaria","image":{"@type":"ImageObject","inLanguage":"es","@id":"https:\/\/secure.gravatar.com\/avatar\/53b3b6d8d6e1be4cd9b580d2e196df5ea53361d2c1d336583ac151d84e053c23?s=96&d=mm&r=g","url":"https:\/\/secure.gravatar.com\/avatar\/53b3b6d8d6e1be4cd9b580d2e196df5ea53361d2c1d336583ac151d84e053c23?s=96&d=mm&r=g","contentUrl":"https:\/\/secure.gravatar.com\/avatar\/53b3b6d8d6e1be4cd9b580d2e196df5ea53361d2c1d336583ac151d84e053c23?s=96&d=mm&r=g","caption":"Silos Spain Gandaria"},"url":"https:\/\/gandariaspain.com\/es\/author\/admin\/"}]}},"_links":{"self":[{"href":"https:\/\/gandariaspain.com\/es\/wp-json\/wp\/v2\/posts\/25634","targetHints":{"allow":["GET"]}}],"collection":[{"href":"https:\/\/gandariaspain.com\/es\/wp-json\/wp\/v2\/posts"}],"about":[{"href":"https:\/\/gandariaspain.com\/es\/wp-json\/wp\/v2\/types\/post"}],"author":[{"embeddable":true,"href":"https:\/\/gandariaspain.com\/es\/wp-json\/wp\/v2\/users\/2"}],"replies":[{"embeddable":true,"href":"https:\/\/gandariaspain.com\/es\/wp-json\/wp\/v2\/comments?post=25634"}],"version-history":[{"count":2,"href":"https:\/\/gandariaspain.com\/es\/wp-json\/wp\/v2\/posts\/25634\/revisions"}],"predecessor-version":[{"id":57772,"href":"https:\/\/gandariaspain.com\/es\/wp-json\/wp\/v2\/posts\/25634\/revisions\/57772"}],"wp:attachment":[{"href":"https:\/\/gandariaspain.com\/es\/wp-json\/wp\/v2\/media?parent=25634"}],"wp:term":[{"taxonomy":"category","embeddable":true,"href":"https:\/\/gandariaspain.com\/es\/wp-json\/wp\/v2\/categories?post=25634"},{"taxonomy":"post_tag","embeddable":true,"href":"https:\/\/gandariaspain.com\/es\/wp-json\/wp\/v2\/tags?post=25634"}],"curies":[{"name":"wp","href":"https:\/\/api.w.org\/{rel}","templated":true}]}}