{"id":25587,"date":"2013-04-25T00:00:00","date_gmt":"2013-04-24T22:00:00","guid":{"rendered":"https:\/\/gandariaspain.com\/productos\/estamos-exponiendo-en-siam-2013-meknes-marruecos-24-28-abril\/"},"modified":"2017-06-27T13:49:53","modified_gmt":"2017-06-27T11:49:53","slug":"estamos-exponiendo-en-siam-2013-meknes-marruecos-24-28-abril","status":"publish","type":"post","link":"https:\/\/gandariaspain.com\/es\/blog-es\/empresa\/estamos-exponiendo-en-siam-2013-meknes-marruecos-24-28-abril\/","title":{"rendered":"Estamos exponiendo en SIAM 2013, Mekn\u00e9s &#8211; Marruecos (24-28 abril)"},"content":{"rendered":"<p style=\"text-align: justify;\">Estamos encantados de participar en la octava edici\u00f3n del Sal\u00f3n Internacional de la Agricultura SIAM 2013 que se celebra en Meknes, Marruecos, donde estamos exponiendo nuestros silos para almacenaje de grano, maquinaria de transporte y proyectos llave en mano.<\/p>\n<p style=\"text-align: justify;\">El objetivo de este sal\u00f3n es desarrollar y promover la agricultura marroqu\u00ed, prestando especial atenci\u00f3n al <strong>Comercio Agr\u00edcola<\/strong>, que es el tema de este a\u00f1o.<\/p>\n<p style=\"text-align: justify;\">La inauguraci\u00f3n de la feria por parte de Su Majestad el Rey Mohammed VI y el Pr\u00edncipe Moulay Rachid refuerza la voluntad de <strong>consolidar el sector agr\u00edcola<\/strong>, que es parte esencial de la econom\u00eda marroqu\u00ed; as\u00ed como de <strong>desarrollar las zonas rurales<\/strong>.<\/p>\n<p style=\"text-align: justify;\">Destaca la importancia de esta feria, tanto por el car\u00e1cter agr\u00edcola del pa\u00eds marroqu\u00ed como la gran participaci\u00f3n internacional que recibe.<\/p>\n<p style=\"text-align: justify;\">ICEX, dentro de la campa\u00f1a \u201cEspa\u00f1a, Technology for life\u201d para la internacionalizaci\u00f3n de la tecnolog\u00eda, organiza la participaci\u00f3n espa\u00f1ola con pabell\u00f3n oficial en la feria.<\/p>\n<p style=\"text-align: justify;\"><strong>Puedes encontrarnos en el stand I-6 \/ E-07<\/strong><\/p>\n<p style=\"text-align: justify;\">M\u00e1s informaci\u00f3n: <a href=\"http:\/\/www.salon-agriculture.ma\/\">www.salon-agriculture.ma<\/a><\/p>\n\n<span class=\"et_bloom_bottom_trigger\"><\/span>","protected":false},"excerpt":{"rendered":"<p>Estamos encantados de participar en la octava edici\u00f3n del Sal\u00f3n Internacional de la Agricultura SIAM 2013 que se celebra en Meknes, Marruecos, donde estamos exponiendo nuestros silos para almacenaje de grano, maquinaria de transporte y proyectos llave en mano.<\/p>\n","protected":false},"author":2,"featured_media":0,"comment_status":"open","ping_status":"open","sticky":false,"template":"","format":"standard","meta":{"_et_pb_use_builder":"","_et_pb_old_content":"","_et_gb_content_width":"","_mbp_gutenberg_autopost":false,"footnotes":""},"categories":[46],"tags":[],"class_list":["post-25587","post","type-post","status-publish","format-standard","hentry","category-empresa"],"yoast_head":"<!-- This site is optimized with the Yoast SEO plugin v27.5 - https:\/\/yoast.com\/product\/yoast-seo-wordpress\/ -->\n<title>Estamos exponiendo en SIAM 2013, Mekn\u00e9s - Marruecos (24-28 abril) - Gandaria - Silos Spain<\/title>\n<meta name=\"robots\" content=\"index, follow, max-snippet:-1, max-image-preview:large, max-video-preview:-1\" \/>\n<link rel=\"canonical\" href=\"https:\/\/gandariaspain.com\/es\/blog-es\/empresa\/estamos-exponiendo-en-siam-2013-meknes-marruecos-24-28-abril\/\" \/>\n<meta property=\"og:locale\" content=\"es_ES\" \/>\n<meta property=\"og:type\" content=\"article\" \/>\n<meta property=\"og:title\" content=\"Estamos exponiendo en SIAM 2013, Mekn\u00e9s - Marruecos (24-28 abril) - Gandaria - Silos Spain\" \/>\n<meta property=\"og:description\" content=\"Estamos encantados de participar en la octava edici\u00f3n del Sal\u00f3n Internacional de la Agricultura SIAM 2013 que se celebra en Meknes, Marruecos, donde estamos exponiendo nuestros silos para almacenaje de grano, maquinaria de transporte y proyectos llave en mano.\" \/>\n<meta property=\"og:url\" content=\"https:\/\/gandariaspain.com\/es\/blog-es\/empresa\/estamos-exponiendo-en-siam-2013-meknes-marruecos-24-28-abril\/\" \/>\n<meta property=\"og:site_name\" content=\"Gandaria - Silos Spain\" \/>\n<meta property=\"article:published_time\" content=\"2013-04-24T22:00:00+00:00\" \/>\n<meta property=\"article:modified_time\" content=\"2017-06-27T11:49:53+00:00\" \/>\n<meta name=\"author\" content=\"Silos Spain Gandaria\" \/>\n<meta name=\"twitter:card\" content=\"summary_large_image\" \/>\n<meta name=\"twitter:label1\" content=\"Escrito por\" \/>\n\t<meta name=\"twitter:data1\" content=\"Silos Spain Gandaria\" \/>\n\t<meta name=\"twitter:label2\" content=\"Tiempo de lectura\" \/>\n\t<meta name=\"twitter:data2\" content=\"1 minuto\" \/>\n<script type=\"application\/ld+json\" class=\"yoast-schema-graph\">{\"@context\":\"https:\\\/\\\/schema.org\",\"@graph\":[{\"@type\":\"Article\",\"@id\":\"https:\\\/\\\/gandariaspain.com\\\/es\\\/blog-es\\\/empresa\\\/estamos-exponiendo-en-siam-2013-meknes-marruecos-24-28-abril\\\/#article\",\"isPartOf\":{\"@id\":\"https:\\\/\\\/gandariaspain.com\\\/es\\\/blog-es\\\/empresa\\\/estamos-exponiendo-en-siam-2013-meknes-marruecos-24-28-abril\\\/\"},\"author\":{\"name\":\"Silos Spain Gandaria\",\"@id\":\"https:\\\/\\\/gandariaspain.com\\\/es\\\/#\\\/schema\\\/person\\\/d7de0ee9324bc410a6df14842dd5f518\"},\"headline\":\"Estamos exponiendo en SIAM 2013, Mekn\u00e9s &#8211; Marruecos (24-28 abril)\",\"datePublished\":\"2013-04-24T22:00:00+00:00\",\"dateModified\":\"2017-06-27T11:49:53+00:00\",\"mainEntityOfPage\":{\"@id\":\"https:\\\/\\\/gandariaspain.com\\\/es\\\/blog-es\\\/empresa\\\/estamos-exponiendo-en-siam-2013-meknes-marruecos-24-28-abril\\\/\"},\"wordCount\":200,\"commentCount\":0,\"articleSection\":[\"Empresa\"],\"inLanguage\":\"es\",\"potentialAction\":[{\"@type\":\"CommentAction\",\"name\":\"Comment\",\"target\":[\"https:\\\/\\\/gandariaspain.com\\\/es\\\/blog-es\\\/empresa\\\/estamos-exponiendo-en-siam-2013-meknes-marruecos-24-28-abril\\\/#respond\"]}]},{\"@type\":\"WebPage\",\"@id\":\"https:\\\/\\\/gandariaspain.com\\\/es\\\/blog-es\\\/empresa\\\/estamos-exponiendo-en-siam-2013-meknes-marruecos-24-28-abril\\\/\",\"url\":\"https:\\\/\\\/gandariaspain.com\\\/es\\\/blog-es\\\/empresa\\\/estamos-exponiendo-en-siam-2013-meknes-marruecos-24-28-abril\\\/\",\"name\":\"Estamos exponiendo en SIAM 2013, Mekn\u00e9s - Marruecos (24-28 abril) - Gandaria - Silos Spain\",\"isPartOf\":{\"@id\":\"https:\\\/\\\/gandariaspain.com\\\/es\\\/#website\"},\"datePublished\":\"2013-04-24T22:00:00+00:00\",\"dateModified\":\"2017-06-27T11:49:53+00:00\",\"author\":{\"@id\":\"https:\\\/\\\/gandariaspain.com\\\/es\\\/#\\\/schema\\\/person\\\/d7de0ee9324bc410a6df14842dd5f518\"},\"inLanguage\":\"es\",\"potentialAction\":[{\"@type\":\"ReadAction\",\"target\":[\"https:\\\/\\\/gandariaspain.com\\\/es\\\/blog-es\\\/empresa\\\/estamos-exponiendo-en-siam-2013-meknes-marruecos-24-28-abril\\\/\"]}]},{\"@type\":\"WebSite\",\"@id\":\"https:\\\/\\\/gandariaspain.com\\\/es\\\/#website\",\"url\":\"https:\\\/\\\/gandariaspain.com\\\/es\\\/\",\"name\":\"Gandaria - Silos Spain\",\"description\":\"Dep\u00f3sitos de agua y silos granja\",\"potentialAction\":[{\"@type\":\"SearchAction\",\"target\":{\"@type\":\"EntryPoint\",\"urlTemplate\":\"https:\\\/\\\/gandariaspain.com\\\/es\\\/?s={search_term_string}\"},\"query-input\":{\"@type\":\"PropertyValueSpecification\",\"valueRequired\":true,\"valueName\":\"search_term_string\"}}],\"inLanguage\":\"es\"},{\"@type\":\"Person\",\"@id\":\"https:\\\/\\\/gandariaspain.com\\\/es\\\/#\\\/schema\\\/person\\\/d7de0ee9324bc410a6df14842dd5f518\",\"name\":\"Silos Spain Gandaria\",\"image\":{\"@type\":\"ImageObject\",\"inLanguage\":\"es\",\"@id\":\"https:\\\/\\\/secure.gravatar.com\\\/avatar\\\/53b3b6d8d6e1be4cd9b580d2e196df5ea53361d2c1d336583ac151d84e053c23?s=96&d=mm&r=g\",\"url\":\"https:\\\/\\\/secure.gravatar.com\\\/avatar\\\/53b3b6d8d6e1be4cd9b580d2e196df5ea53361d2c1d336583ac151d84e053c23?s=96&d=mm&r=g\",\"contentUrl\":\"https:\\\/\\\/secure.gravatar.com\\\/avatar\\\/53b3b6d8d6e1be4cd9b580d2e196df5ea53361d2c1d336583ac151d84e053c23?s=96&d=mm&r=g\",\"caption\":\"Silos Spain Gandaria\"},\"url\":\"https:\\\/\\\/gandariaspain.com\\\/es\\\/author\\\/admin\\\/\"}]}<\/script>\n<!-- \/ Yoast SEO plugin. -->","yoast_head_json":{"title":"Estamos exponiendo en SIAM 2013, Mekn\u00e9s - Marruecos (24-28 abril) - Gandaria - Silos Spain","robots":{"index":"index","follow":"follow","max-snippet":"max-snippet:-1","max-image-preview":"max-image-preview:large","max-video-preview":"max-video-preview:-1"},"canonical":"https:\/\/gandariaspain.com\/es\/blog-es\/empresa\/estamos-exponiendo-en-siam-2013-meknes-marruecos-24-28-abril\/","og_locale":"es_ES","og_type":"article","og_title":"Estamos exponiendo en SIAM 2013, Mekn\u00e9s - Marruecos (24-28 abril) - Gandaria - Silos Spain","og_description":"Estamos encantados de participar en la octava edici\u00f3n del Sal\u00f3n Internacional de la Agricultura SIAM 2013 que se celebra en Meknes, Marruecos, donde estamos exponiendo nuestros silos para almacenaje de grano, maquinaria de transporte y proyectos llave en mano.","og_url":"https:\/\/gandariaspain.com\/es\/blog-es\/empresa\/estamos-exponiendo-en-siam-2013-meknes-marruecos-24-28-abril\/","og_site_name":"Gandaria - Silos Spain","article_published_time":"2013-04-24T22:00:00+00:00","article_modified_time":"2017-06-27T11:49:53+00:00","author":"Silos Spain Gandaria","twitter_card":"summary_large_image","twitter_misc":{"Escrito por":"Silos Spain Gandaria","Tiempo de lectura":"1 minuto"},"schema":{"@context":"https:\/\/schema.org","@graph":[{"@type":"Article","@id":"https:\/\/gandariaspain.com\/es\/blog-es\/empresa\/estamos-exponiendo-en-siam-2013-meknes-marruecos-24-28-abril\/#article","isPartOf":{"@id":"https:\/\/gandariaspain.com\/es\/blog-es\/empresa\/estamos-exponiendo-en-siam-2013-meknes-marruecos-24-28-abril\/"},"author":{"name":"Silos Spain Gandaria","@id":"https:\/\/gandariaspain.com\/es\/#\/schema\/person\/d7de0ee9324bc410a6df14842dd5f518"},"headline":"Estamos exponiendo en SIAM 2013, Mekn\u00e9s &#8211; Marruecos (24-28 abril)","datePublished":"2013-04-24T22:00:00+00:00","dateModified":"2017-06-27T11:49:53+00:00","mainEntityOfPage":{"@id":"https:\/\/gandariaspain.com\/es\/blog-es\/empresa\/estamos-exponiendo-en-siam-2013-meknes-marruecos-24-28-abril\/"},"wordCount":200,"commentCount":0,"articleSection":["Empresa"],"inLanguage":"es","potentialAction":[{"@type":"CommentAction","name":"Comment","target":["https:\/\/gandariaspain.com\/es\/blog-es\/empresa\/estamos-exponiendo-en-siam-2013-meknes-marruecos-24-28-abril\/#respond"]}]},{"@type":"WebPage","@id":"https:\/\/gandariaspain.com\/es\/blog-es\/empresa\/estamos-exponiendo-en-siam-2013-meknes-marruecos-24-28-abril\/","url":"https:\/\/gandariaspain.com\/es\/blog-es\/empresa\/estamos-exponiendo-en-siam-2013-meknes-marruecos-24-28-abril\/","name":"Estamos exponiendo en SIAM 2013, Mekn\u00e9s - Marruecos (24-28 abril) - Gandaria - Silos Spain","isPartOf":{"@id":"https:\/\/gandariaspain.com\/es\/#website"},"datePublished":"2013-04-24T22:00:00+00:00","dateModified":"2017-06-27T11:49:53+00:00","author":{"@id":"https:\/\/gandariaspain.com\/es\/#\/schema\/person\/d7de0ee9324bc410a6df14842dd5f518"},"inLanguage":"es","potentialAction":[{"@type":"ReadAction","target":["https:\/\/gandariaspain.com\/es\/blog-es\/empresa\/estamos-exponiendo-en-siam-2013-meknes-marruecos-24-28-abril\/"]}]},{"@type":"WebSite","@id":"https:\/\/gandariaspain.com\/es\/#website","url":"https:\/\/gandariaspain.com\/es\/","name":"Gandaria - Silos Spain","description":"Dep\u00f3sitos de agua y silos granja","potentialAction":[{"@type":"SearchAction","target":{"@type":"EntryPoint","urlTemplate":"https:\/\/gandariaspain.com\/es\/?s={search_term_string}"},"query-input":{"@type":"PropertyValueSpecification","valueRequired":true,"valueName":"search_term_string"}}],"inLanguage":"es"},{"@type":"Person","@id":"https:\/\/gandariaspain.com\/es\/#\/schema\/person\/d7de0ee9324bc410a6df14842dd5f518","name":"Silos Spain Gandaria","image":{"@type":"ImageObject","inLanguage":"es","@id":"https:\/\/secure.gravatar.com\/avatar\/53b3b6d8d6e1be4cd9b580d2e196df5ea53361d2c1d336583ac151d84e053c23?s=96&d=mm&r=g","url":"https:\/\/secure.gravatar.com\/avatar\/53b3b6d8d6e1be4cd9b580d2e196df5ea53361d2c1d336583ac151d84e053c23?s=96&d=mm&r=g","contentUrl":"https:\/\/secure.gravatar.com\/avatar\/53b3b6d8d6e1be4cd9b580d2e196df5ea53361d2c1d336583ac151d84e053c23?s=96&d=mm&r=g","caption":"Silos Spain Gandaria"},"url":"https:\/\/gandariaspain.com\/es\/author\/admin\/"}]}},"_links":{"self":[{"href":"https:\/\/gandariaspain.com\/es\/wp-json\/wp\/v2\/posts\/25587","targetHints":{"allow":["GET"]}}],"collection":[{"href":"https:\/\/gandariaspain.com\/es\/wp-json\/wp\/v2\/posts"}],"about":[{"href":"https:\/\/gandariaspain.com\/es\/wp-json\/wp\/v2\/types\/post"}],"author":[{"embeddable":true,"href":"https:\/\/gandariaspain.com\/es\/wp-json\/wp\/v2\/users\/2"}],"replies":[{"embeddable":true,"href":"https:\/\/gandariaspain.com\/es\/wp-json\/wp\/v2\/comments?post=25587"}],"version-history":[{"count":1,"href":"https:\/\/gandariaspain.com\/es\/wp-json\/wp\/v2\/posts\/25587\/revisions"}],"predecessor-version":[{"id":28112,"href":"https:\/\/gandariaspain.com\/es\/wp-json\/wp\/v2\/posts\/25587\/revisions\/28112"}],"wp:attachment":[{"href":"https:\/\/gandariaspain.com\/es\/wp-json\/wp\/v2\/media?parent=25587"}],"wp:term":[{"taxonomy":"category","embeddable":true,"href":"https:\/\/gandariaspain.com\/es\/wp-json\/wp\/v2\/categories?post=25587"},{"taxonomy":"post_tag","embeddable":true,"href":"https:\/\/gandariaspain.com\/es\/wp-json\/wp\/v2\/tags?post=25587"}],"curies":[{"name":"wp","href":"https:\/\/api.w.org\/{rel}","templated":true}]}}